{"id":4944,"date":"2019-06-07T09:43:44","date_gmt":"2019-06-07T07:43:44","guid":{"rendered":"http:\/\/www.heimatverein-suedlohn.de\/?p=4944"},"modified":"2019-06-07T11:20:24","modified_gmt":"2019-06-07T09:20:24","slug":"wehling-busert-gmbh","status":"publish","type":"post","link":"http:\/\/www.heimatverein-suedlohn.de\/index.php\/2019\/06\/07\/wehling-busert-gmbh\/","title":{"rendered":"Wehling &#038; Busert GmbH"},"content":{"rendered":"\n<style type=\"text\/css\" data-created_by=\"avia_inline_auto\" id=\"style-css-av-g4e12g-4e1968a377ea00a59923f7ce7007b355\">\n.flex_column.av-g4e12g-4e1968a377ea00a59923f7ce7007b355{\n-webkit-border-radius:0px 0px 0px 0px;\n-moz-border-radius:0px 0px 0px 0px;\nborder-radius:0px 0px 0px 0px;\npadding:0px 0px 0px 0px;\n}\n<\/style>\n<div class='flex_column av-g4e12g-4e1968a377ea00a59923f7ce7007b355 av_one_half  avia-builder-el-0  el_before_av_one_half  avia-builder-el-first  first flex_column_div av-zero-column-padding '     ><section  class='av_textblock_section av-efntd4-ee3e84ac459cb89611fd988d6eab7223'  itemscope=\"itemscope\" itemtype=\"https:\/\/schema.org\/BlogPosting\" itemprop=\"blogPost\" ><div class='avia_textblock'  itemprop=\"text\" ><p><b>Wehling &amp; Busert GmbH<br \/>\n<\/b>Lerchenweg 28<br \/>\n46354 S\u00fcdlohn<\/p>\n<p>Telefon: 02862 &#8211; 98 02 &#8211; 0<br \/>\nTelefax: 02862 &#8211; 98 02 &#8211; 420<\/p>\n<p>E-Mail. <a href=\"mailto:info@w-b.de\">info@w-b.de<\/a><br \/>\nInternet: <a href=\"http:\/\/www.w-b.de\" target=\"_blank\" rel=\"noopener noreferrer\">www.w-b.de<\/a><\/p>\n<\/div><\/section><\/div>\n\n<style type=\"text\/css\" data-created_by=\"avia_inline_auto\" id=\"style-css-av-cgraxk-df91fb660f68f840d6415f8385a18042\">\n.flex_column.av-cgraxk-df91fb660f68f840d6415f8385a18042{\n-webkit-border-radius:0px 0px 0px 0px;\n-moz-border-radius:0px 0px 0px 0px;\nborder-radius:0px 0px 0px 0px;\npadding:0px 0px 0px 0px;\n}\n<\/style>\n<div class='flex_column av-cgraxk-df91fb660f68f840d6415f8385a18042 av_one_half  avia-builder-el-2  el_after_av_one_half  el_before_av_one_full  flex_column_div av-zero-column-padding '     ><style type=\"text\/css\" data-created_by=\"avia_inline_auto\" id=\"style-css-av-aoap9k-75e109ff1e03b6fe5106a0fbfa78a86b\">\n.avia-image-container.av-aoap9k-75e109ff1e03b6fe5106a0fbfa78a86b img.avia_image{\nbox-shadow:none;\n}\n.avia-image-container.av-aoap9k-75e109ff1e03b6fe5106a0fbfa78a86b .av-image-caption-overlay-center{\ncolor:#ffffff;\n}\n<\/style>\n<div  class='avia-image-container av-aoap9k-75e109ff1e03b6fe5106a0fbfa78a86b av-styling- avia-align-center  avia-builder-el-3  avia-builder-el-no-sibling '   itemprop=\"image\" itemscope=\"itemscope\" itemtype=\"https:\/\/schema.org\/ImageObject\" ><div class=\"avia-image-container-inner\"><div class=\"avia-image-overlay-wrap\"><img decoding=\"async\" class='wp-image-4945 avia-img-lazy-loading-not-4945 avia_image ' src=\"http:\/\/www.heimatverein-suedlohn.de\/wp-content\/uploads\/2019\/06\/logo-300x92.png\" alt='' title='logo'  height=\"92\" width=\"300\"  itemprop=\"thumbnailUrl\" srcset=\"http:\/\/www.heimatverein-suedlohn.de\/wp-content\/uploads\/2019\/06\/logo-300x92.png 300w, http:\/\/www.heimatverein-suedlohn.de\/wp-content\/uploads\/2019\/06\/logo-495x154.png 495w, http:\/\/www.heimatverein-suedlohn.de\/wp-content\/uploads\/2019\/06\/logo-450x139.png 450w, http:\/\/www.heimatverein-suedlohn.de\/wp-content\/uploads\/2019\/06\/logo.png 500w\" sizes=\"(max-width: 300px) 100vw, 300px\" \/><\/div><\/div><\/div><\/div>\n\n<style type=\"text\/css\" data-created_by=\"avia_inline_auto\" id=\"style-css-av-93s0t4-5d09a3d718d333a82e83b2f6e6d6c241\">\n.flex_column.av-93s0t4-5d09a3d718d333a82e83b2f6e6d6c241{\n-webkit-border-radius:0px 0px 0px 0px;\n-moz-border-radius:0px 0px 0px 0px;\nborder-radius:0px 0px 0px 0px;\npadding:0px 0px 0px 0px;\n}\n<\/style>\n<div class='flex_column av-93s0t4-5d09a3d718d333a82e83b2f6e6d6c241 av_one_full  avia-builder-el-4  el_after_av_one_half  el_before_av_textblock  first flex_column_div av-zero-column-padding column-top-margin'     ><section  class='av_textblock_section av-oh63s-f475f481ad30a15e334f1fc133e39769'  itemscope=\"itemscope\" itemtype=\"https:\/\/schema.org\/BlogPosting\" itemprop=\"blogPost\" ><div class='avia_textblock'  itemprop=\"text\" ><h2><b>Tradition und Moderne &#8211; Zukunft gestalten.<\/b><\/h2>\n<p>Wenn Unternehmen 100 Jahre und mehr Bestand haben, ist das nur m\u00f6glich mit einer &#8222;Leistung des Besonderen&#8220;. Die Firma Wehling &amp; Busert kann das in besonderer Weise f\u00fcr sich in Anspruch nehmen. &#8222;W+B&#8220; &#8211; dieses K\u00fcrzel kennt nicht nur jeder S\u00fcdlohner, auch weit \u00fcber die Ortsgrenzen hinaus ist das Unternehmen seit \u00fcber 100 Jahren ein Leistungsbegriff f\u00fcr Bauen und Wohnen. Zwei Leben erz\u00e4hlen die Erfolgsgeschichte des S\u00fcdlohner Holz- und Baustoffhandels:<\/p>\n<div id=\"attachment_4963\" style=\"width: 238px\" class=\"wp-caption alignleft\"><a href=\"http:\/\/www.heimatverein-suedlohn.de\/wp-content\/uploads\/2019\/06\/busert_franz_gr.jpg\"><img loading=\"lazy\" decoding=\"async\" aria-describedby=\"caption-attachment-4963\" class=\"size-medium wp-image-4963\" src=\"http:\/\/www.heimatverein-suedlohn.de\/wp-content\/uploads\/2019\/06\/busert_franz_gr-228x300.jpg\" alt=\"Franz Busert (1921 - 1995) hat das Unternehmen von 1947 bis 1988 gef\u00fchrt\" width=\"228\" height=\"300\" srcset=\"http:\/\/www.heimatverein-suedlohn.de\/wp-content\/uploads\/2019\/06\/busert_franz_gr-228x300.jpg 228w, http:\/\/www.heimatverein-suedlohn.de\/wp-content\/uploads\/2019\/06\/busert_franz_gr-450x592.jpg 450w, http:\/\/www.heimatverein-suedlohn.de\/wp-content\/uploads\/2019\/06\/busert_franz_gr.jpg 456w\" sizes=\"auto, (max-width: 228px) 100vw, 228px\" \/><\/a><p id=\"caption-attachment-4963\" class=\"wp-caption-text\">Franz Busert (1921 &#8211; 1995) hat das Unternehmen von 1947 bis 1988 gef\u00fchrt<\/p><\/div>\n<p>Das erste Leben ist verbunden mit der Gr\u00fcndung 1918 durch den Stellmacher Wehling am Standort Eschstra\u00dfe &#8211; im Ortskern von S\u00fcdlohn. Zus\u00e4tzliche und neue Impulse gab August Busert und ab 1947 der Holzkaufmann Franz Busert. Es entstand ein Holz- und Baustoffhandel mit Kunden weit \u00fcber S\u00fcdlohn hinaus &#8211; bis ins Ruhrgebiet und zum Niederrhein.<\/p>\n<p>Das zweite Leben des Unternehmens wurde gepr\u00e4gt von dem Borkener Unternehmerehepaar Werner und Birgit Schepers, die die Firma 1988 unter Beibehaltung des traditionellen Namens &#8222;Wehling &amp; Busert&#8220; \u00fcbernahmen. Der erste Gesch\u00e4ftsf\u00fchrer unter dem neuen Inhaber war Konrad Tegeler. Heute wird das Unternehmen gef\u00fchrt von Werner Schepers, der Betriebswirtin Britta Schepers und Anne van Almsick. Die Firmenentwicklung wurde vorangetrieben, aus dem alt-ehrw\u00fcrdige Holz-und Baustoffhandel im Ortskern wurde ein zeitgem\u00e4\u00dfes, modernes Handelsunternehmen mit dem zus\u00e4tzlichen Gesch\u00e4ftsfeld &#8222;Bau-Fachmarkt&#8220;. Das \u00e4u\u00dfere Zeichen der Umstrukturierung war der Neubau am Lerchenweg im Jahre 2000.<\/p>\n<p>Hier ergaben sich neue M\u00f6glichkeiten, die der alte Standort nicht bieten konnte: 14.000 qm Betriebsfl\u00e4che,<\/p>\n<div id=\"attachment_4962\" style=\"width: 260px\" class=\"wp-caption alignright\"><a href=\"http:\/\/www.heimatverein-suedlohn.de\/wp-content\/uploads\/2019\/06\/Werner-Schepers.jpg\"><img loading=\"lazy\" decoding=\"async\" aria-describedby=\"caption-attachment-4962\" class=\"size-medium wp-image-4962\" src=\"http:\/\/www.heimatverein-suedlohn.de\/wp-content\/uploads\/2019\/06\/Werner-Schepers-250x300.jpg\" alt=\"Werner Schepers \u00fcbernahm die Firma 1988 unter Beibehaltung des traditionellen Namens.\" width=\"250\" height=\"300\" \/><\/a><p id=\"caption-attachment-4962\" class=\"wp-caption-text\">Werner Schepers \u00fcbernahm die Firma 1988 unter Beibehaltung des traditionellen Namens.<\/p><\/div>\n<p>2.000 qm Bau-Fachmarkt mit Ausstellung, 5.000 qm Lagerhallen mit \u00fcberdachter Ladezone. Nicht nur die \u00e4u\u00dfere und innere Darstellung mit der M\u00f6glichkeit rationeller Arbeitsabl\u00e4ufe sind erfolgsverursachend: Die Anforderungen des Marktes selbst m\u00fcssen bew\u00e4ltigt werden. Die von Handwerkern, Bautr\u00e4gergesellschaften und privaten Bauherren und Renovierer gestellten Anspr\u00fcche wachsen mit dem Angebot der Industrie. Die Vielfalt des Angebotes stellt hohe Anforderungen an Beschaffung, Lagerung, Logistik, qualifiziertes Personal und deren Beratung gleicherma\u00dfen. 20 qualifizierte und zum Teil langj\u00e4hrige Mitarbeiter\/innen k\u00fcmmern sich um die Abl\u00e4ufe. Als Ausbildungsbetrieb werden Fachkr\u00e4fte f\u00fcr Lagerlogistik und Kaufleute im Einzel und im Gro\u00df-und Au\u00dfenhandel ausgebildet.<\/p>\n<div id=\"attachment_4948\" style=\"width: 310px\" class=\"wp-caption alignleft\"><a href=\"http:\/\/www.heimatverein-suedlohn.de\/wp-content\/uploads\/2019\/06\/Baustellenwerbung.jpg\"><img loading=\"lazy\" decoding=\"async\" aria-describedby=\"caption-attachment-4948\" class=\"size-medium wp-image-4948\" src=\"http:\/\/www.heimatverein-suedlohn.de\/wp-content\/uploads\/2019\/06\/Baustellenwerbung-300x225.jpg\" alt=\" An ungez\u00e4hlten Baustellen in S\u00fcdlohn und der weiteren Umgebung liefert \" width=\"300\" height=\"225\" srcset=\"http:\/\/www.heimatverein-suedlohn.de\/wp-content\/uploads\/2019\/06\/Baustellenwerbung-300x225.jpg 300w, http:\/\/www.heimatverein-suedlohn.de\/wp-content\/uploads\/2019\/06\/Baustellenwerbung-768x576.jpg 768w, http:\/\/www.heimatverein-suedlohn.de\/wp-content\/uploads\/2019\/06\/Baustellenwerbung-705x529.jpg 705w, http:\/\/www.heimatverein-suedlohn.de\/wp-content\/uploads\/2019\/06\/Baustellenwerbung-450x338.jpg 450w, http:\/\/www.heimatverein-suedlohn.de\/wp-content\/uploads\/2019\/06\/Baustellenwerbung.jpg 1000w\" sizes=\"auto, (max-width: 300px) 100vw, 300px\" \/><\/a><p id=\"caption-attachment-4948\" class=\"wp-caption-text\">An ungez\u00e4hlten Baustellen in S\u00fcdlohn und der weiteren Umgebung liefert &#8222;W+B&#8220; Baustoffe aller Art.<\/p><\/div>\n<p>Sp\u00e4testens bei den verschiedenen Leistungsmerkmalen wird deutlich, dass auch Kooperationen erfolgsverursachend sind. Der Einzelk\u00e4mpfer, der in Zeiten globaler Vernetzungen auf sich allein gestellt ist, hat einen schweren Stand. Wehling &amp; Busert profitiert gleich zweimal von Vernetzungen: auf der einen Seite existiert die Kooperation mit den Schwesterfirmen der Wesch-Gruppe &#8211; Wesch Baubedarf, Profi-Wesch und Wesch Hochbau in Borken und auf der<\/p>\n<div id=\"attachment_4946\" style=\"width: 310px\" class=\"wp-caption alignright\"><a href=\"http:\/\/www.heimatverein-suedlohn.de\/wp-content\/uploads\/2019\/06\/Team1.jpg\"><img loading=\"lazy\" decoding=\"async\" aria-describedby=\"caption-attachment-4946\" class=\"size-medium wp-image-4946\" src=\"http:\/\/www.heimatverein-suedlohn.de\/wp-content\/uploads\/2019\/06\/Team1-300x200.jpg\" alt=\"Qualifizierte und zum Teil langj\u00e4hrige Mitarbeiter\/innen k\u00fcmmern sich um die Abl\u00e4ufe.\" width=\"300\" height=\"200\" srcset=\"http:\/\/www.heimatverein-suedlohn.de\/wp-content\/uploads\/2019\/06\/Team1-300x200.jpg 300w, http:\/\/www.heimatverein-suedlohn.de\/wp-content\/uploads\/2019\/06\/Team1-768x512.jpg 768w, http:\/\/www.heimatverein-suedlohn.de\/wp-content\/uploads\/2019\/06\/Team1-705x470.jpg 705w, http:\/\/www.heimatverein-suedlohn.de\/wp-content\/uploads\/2019\/06\/Team1-450x300.jpg 450w, http:\/\/www.heimatverein-suedlohn.de\/wp-content\/uploads\/2019\/06\/Team1.jpg 1000w\" sizes=\"auto, (max-width: 300px) 100vw, 300px\" \/><\/a><p id=\"caption-attachment-4946\" class=\"wp-caption-text\">Qualifizierte und zum Teil langj\u00e4hrige Mitarbeiter\/innen k\u00fcmmern sich um die Abl\u00e4ufe.<\/p><\/div>\n<p>anderen Seite die Mitgliedschaft der Einkaufskooperationen &#8222;Bauvista&#8220; mit mehr als 700 Fachm\u00e4rkten und das Holzhandelsnetzwerk &#8222;HolzLand&#8220; mit mehr als 450 Holzfachm\u00e4rkten in Deutschland.<\/p>\n<p>2018 wurde das Firmenlogo ver\u00e4ndert: Das alte Logo mit einem rot-braunen Baum wurde durch ein modernes rotes Logo ersetzt. Die Form des Baumes ist geblieben &#8211; aus Respekt vor der \u00fcber 100-j\u00e4hrigen Tradition. Auch das ist ein Zeichen von Kontinuit\u00e4t.<\/p>\n<p><b>2019 \u00a9 heimatverein-suedlohn.de<\/b><\/p>\n<\/div><\/section><br \/>\n<div  class='hr av-mjxtk-2ad6052bc1ad5d041f162c02147a232b hr-default  avia-builder-el-6  el_after_av_textblock  el_before_av_masonry_gallery  avia-builder-el-last '><span class='hr-inner '><span class=\"hr-inner-style\"><\/span><\/span><\/div><br \/>\n<div id='av-masonry-1' class='av-masonry av-4q2idk-e62846dd2f3e6e200356e290cc9b31bf noHover av-flex-size av-large-gap av-hover-overlay- av-masonry-animation-active av-masonry-col-2 av-caption-always av-caption-style- av-masonry-gallery '><div class=\"av-masonry-container isotope av-js-disabled\"><div class='av-masonry-entry isotope-item av-masonry-item-no-image '><\/div><a href=\"http:\/\/www.heimatverein-suedlohn.de\/wp-content\/uploads\/2019\/06\/Standort-Eschstra\u00dfe-1-1030x693.jpg\" data-srcset=\"http:\/\/www.heimatverein-suedlohn.de\/wp-content\/uploads\/2019\/06\/Standort-Eschstra\u00dfe-1-1030x693.jpg 1030w, http:\/\/www.heimatverein-suedlohn.de\/wp-content\/uploads\/2019\/06\/Standort-Eschstra\u00dfe-1-300x202.jpg 300w, http:\/\/www.heimatverein-suedlohn.de\/wp-content\/uploads\/2019\/06\/Standort-Eschstra\u00dfe-1-768x517.jpg 768w, http:\/\/www.heimatverein-suedlohn.de\/wp-content\/uploads\/2019\/06\/Standort-Eschstra\u00dfe-1-1500x1009.jpg 1500w, http:\/\/www.heimatverein-suedlohn.de\/wp-content\/uploads\/2019\/06\/Standort-Eschstra\u00dfe-1-705x474.jpg 705w, http:\/\/www.heimatverein-suedlohn.de\/wp-content\/uploads\/2019\/06\/Standort-Eschstra\u00dfe-1-450x303.jpg 450w\" data-sizes=\"(max-width: 1030px) 100vw, 1030px\"  aria-label=\"Bild Standort Eschstra\u00dfe\"  id='av-masonry-1-item-4967' data-av-masonry-item='4967' class='av-masonry-entry isotope-item post-4967 attachment type-attachment status-inherit hentry  av-masonry-item-with-image' title=\"Standort Eschstra\u00dfe\" alt=\"\"    itemprop=\"thumbnailUrl\" ><div class='av-inner-masonry-sizer'><\/div><figure class='av-inner-masonry main_color'><div class=\"av-masonry-outerimage-container\"><div class='av-masonry-image-container'   ><img decoding=\"async\" width=\"705\" height=\"474\" class=\"wp-image-4967 avia-img-lazy-loading-not-4967\"  src=\"http:\/\/www.heimatverein-suedlohn.de\/wp-content\/uploads\/2019\/06\/Standort-Eschstra\u00dfe-1-705x474.jpg\" title=\"Standort Eschstra\u00dfe\" alt=\"\" srcset=\"http:\/\/www.heimatverein-suedlohn.de\/wp-content\/uploads\/2019\/06\/Standort-Eschstra\u00dfe-1-705x474.jpg 705w, http:\/\/www.heimatverein-suedlohn.de\/wp-content\/uploads\/2019\/06\/Standort-Eschstra\u00dfe-1-300x202.jpg 300w, http:\/\/www.heimatverein-suedlohn.de\/wp-content\/uploads\/2019\/06\/Standort-Eschstra\u00dfe-1-768x517.jpg 768w, http:\/\/www.heimatverein-suedlohn.de\/wp-content\/uploads\/2019\/06\/Standort-Eschstra\u00dfe-1-1030x693.jpg 1030w, http:\/\/www.heimatverein-suedlohn.de\/wp-content\/uploads\/2019\/06\/Standort-Eschstra\u00dfe-1-1500x1009.jpg 1500w, http:\/\/www.heimatverein-suedlohn.de\/wp-content\/uploads\/2019\/06\/Standort-Eschstra\u00dfe-1-450x303.jpg 450w\" sizes=\"(max-width: 705px) 100vw, 705px\" \/><\/div><\/div><figcaption class='av-inner-masonry-content site-background'><div class='av-inner-masonry-content-pos'><div class='av-inner-masonry-content-pos-content'><div class='avia-arrow'><\/div><div class='av-masonry-entry-content entry-content'  itemprop=\"text\" >Der alte Standort an der Eschstra\u00dfe im Ortskern von S\u00fcdlohn bis zum Umzug zum Lerchenweg im Jahre 2000. Das Foto stammt aus den 1960er Jahren. Rechts im Bild: die Weberei F\u00f6cking & Cohausz. <\/div><\/div><\/div><\/figcaption><\/figure><\/a><!--end av-masonry entry--><a href=\"http:\/\/www.heimatverein-suedlohn.de\/wp-content\/uploads\/2019\/06\/Bild_02-2.jpg\" data-srcset=\"http:\/\/www.heimatverein-suedlohn.de\/wp-content\/uploads\/2019\/06\/Bild_02-2.jpg 600w, http:\/\/www.heimatverein-suedlohn.de\/wp-content\/uploads\/2019\/06\/Bild_02-2-300x225.jpg 300w, http:\/\/www.heimatverein-suedlohn.de\/wp-content\/uploads\/2019\/06\/Bild_02-2-450x338.jpg 450w\" data-sizes=\"(max-width: 600px) 100vw, 600px\"  aria-label=\"Bild Bild_02\"  id='av-masonry-1-item-4980' data-av-masonry-item='4980' class='av-masonry-entry isotope-item post-4980 attachment type-attachment status-inherit hentry  av-masonry-item-with-image' title=\"Bild_02\" alt=\"\"    itemprop=\"thumbnailUrl\" ><div class='av-inner-masonry-sizer'><\/div><figure class='av-inner-masonry main_color'><div class=\"av-masonry-outerimage-container\"><div class='av-masonry-image-container'   ><img decoding=\"async\" width=\"600\" height=\"450\" class=\"wp-image-4980 avia-img-lazy-loading-not-4980\"  src=\"http:\/\/www.heimatverein-suedlohn.de\/wp-content\/uploads\/2019\/06\/Bild_02-2.jpg\" title=\"Bild_02\" alt=\"\" srcset=\"http:\/\/www.heimatverein-suedlohn.de\/wp-content\/uploads\/2019\/06\/Bild_02-2.jpg 600w, http:\/\/www.heimatverein-suedlohn.de\/wp-content\/uploads\/2019\/06\/Bild_02-2-300x225.jpg 300w, http:\/\/www.heimatverein-suedlohn.de\/wp-content\/uploads\/2019\/06\/Bild_02-2-450x338.jpg 450w\" sizes=\"(max-width: 600px) 100vw, 600px\" \/><\/div><\/div><figcaption class='av-inner-masonry-content site-background'><div class='av-inner-masonry-content-pos'><div class='av-inner-masonry-content-pos-content'><div class='avia-arrow'><\/div><div class='av-masonry-entry-content entry-content'  itemprop=\"text\" >W+B heute am Standort Lerchenweg im S\u00fcdlohner Industriegebiet an der Robert-Bosch-Stra\u00dfe.     .<\/div><\/div><\/div><\/figcaption><\/figure><\/a><!--end av-masonry entry--><a href=\"http:\/\/www.heimatverein-suedlohn.de\/wp-content\/uploads\/2019\/06\/Annegred_van_Almsick_Geschaeftsfuehrerin-1.jpg\" data-srcset=\"http:\/\/www.heimatverein-suedlohn.de\/wp-content\/uploads\/2019\/06\/Annegred_van_Almsick_Geschaeftsfuehrerin-1.jpg 300w, http:\/\/www.heimatverein-suedlohn.de\/wp-content\/uploads\/2019\/06\/Annegred_van_Almsick_Geschaeftsfuehrerin-1-80x80.jpg 80w, http:\/\/www.heimatverein-suedlohn.de\/wp-content\/uploads\/2019\/06\/Annegred_van_Almsick_Geschaeftsfuehrerin-1-36x36.jpg 36w, http:\/\/www.heimatverein-suedlohn.de\/wp-content\/uploads\/2019\/06\/Annegred_van_Almsick_Geschaeftsfuehrerin-1-180x180.jpg 180w, http:\/\/www.heimatverein-suedlohn.de\/wp-content\/uploads\/2019\/06\/Annegred_van_Almsick_Geschaeftsfuehrerin-1-120x120.jpg 120w\" data-sizes=\"(max-width: 300px) 100vw, 300px\"  aria-label=\"Bild Annegred_van_Almsick_Geschaeftsfuehrerin\"  id='av-masonry-1-item-4977' data-av-masonry-item='4977' class='av-masonry-entry isotope-item post-4977 attachment type-attachment status-inherit hentry  av-masonry-item-with-image' title=\"Annegred_van_Almsick_Geschaeftsfuehrerin\" alt=\"\"    itemprop=\"thumbnailUrl\" ><div class='av-inner-masonry-sizer'><\/div><figure class='av-inner-masonry main_color'><div class=\"av-masonry-outerimage-container\"><div class='av-masonry-image-container'   ><img decoding=\"async\" width=\"300\" height=\"300\" class=\"wp-image-4977 avia-img-lazy-loading-not-4977\"  src=\"http:\/\/www.heimatverein-suedlohn.de\/wp-content\/uploads\/2019\/06\/Annegred_van_Almsick_Geschaeftsfuehrerin-1.jpg\" title=\"Annegred_van_Almsick_Geschaeftsfuehrerin\" alt=\"\" srcset=\"http:\/\/www.heimatverein-suedlohn.de\/wp-content\/uploads\/2019\/06\/Annegred_van_Almsick_Geschaeftsfuehrerin-1.jpg 300w, http:\/\/www.heimatverein-suedlohn.de\/wp-content\/uploads\/2019\/06\/Annegred_van_Almsick_Geschaeftsfuehrerin-1-80x80.jpg 80w, http:\/\/www.heimatverein-suedlohn.de\/wp-content\/uploads\/2019\/06\/Annegred_van_Almsick_Geschaeftsfuehrerin-1-36x36.jpg 36w, http:\/\/www.heimatverein-suedlohn.de\/wp-content\/uploads\/2019\/06\/Annegred_van_Almsick_Geschaeftsfuehrerin-1-180x180.jpg 180w, http:\/\/www.heimatverein-suedlohn.de\/wp-content\/uploads\/2019\/06\/Annegred_van_Almsick_Geschaeftsfuehrerin-1-120x120.jpg 120w\" sizes=\"(max-width: 300px) 100vw, 300px\" \/><\/div><\/div><figcaption class='av-inner-masonry-content site-background'><div class='av-inner-masonry-content-pos'><div class='av-inner-masonry-content-pos-content'><div class='avia-arrow'><\/div><div class='av-masonry-entry-content entry-content'  itemprop=\"text\" >Gesch\u00e4ftsf\u00fchrerin Annegret van Almsick.<\/div><\/div><\/div><\/figcaption><\/figure><\/a><!--end av-masonry entry--><a href=\"http:\/\/www.heimatverein-suedlohn.de\/wp-content\/uploads\/2019\/06\/Britta_Schepers_Geschaeftsfuehrerin-1.jpg\" data-srcset=\"http:\/\/www.heimatverein-suedlohn.de\/wp-content\/uploads\/2019\/06\/Britta_Schepers_Geschaeftsfuehrerin-1.jpg 300w, http:\/\/www.heimatverein-suedlohn.de\/wp-content\/uploads\/2019\/06\/Britta_Schepers_Geschaeftsfuehrerin-1-80x80.jpg 80w, http:\/\/www.heimatverein-suedlohn.de\/wp-content\/uploads\/2019\/06\/Britta_Schepers_Geschaeftsfuehrerin-1-36x36.jpg 36w, http:\/\/www.heimatverein-suedlohn.de\/wp-content\/uploads\/2019\/06\/Britta_Schepers_Geschaeftsfuehrerin-1-180x180.jpg 180w, http:\/\/www.heimatverein-suedlohn.de\/wp-content\/uploads\/2019\/06\/Britta_Schepers_Geschaeftsfuehrerin-1-120x120.jpg 120w\" data-sizes=\"(max-width: 300px) 100vw, 300px\"  aria-label=\"Bild Britta_Schepers_Geschaeftsfuehrerin\"  id='av-masonry-1-item-4976' data-av-masonry-item='4976' class='av-masonry-entry isotope-item post-4976 attachment type-attachment status-inherit hentry  av-masonry-item-with-image' title=\"Britta_Schepers_Geschaeftsfuehrerin\" alt=\"\"    itemprop=\"thumbnailUrl\" ><div class='av-inner-masonry-sizer'><\/div><figure class='av-inner-masonry main_color'><div class=\"av-masonry-outerimage-container\"><div class='av-masonry-image-container'   ><img decoding=\"async\" width=\"300\" height=\"300\" class=\"wp-image-4976 avia-img-lazy-loading-not-4976\"  src=\"http:\/\/www.heimatverein-suedlohn.de\/wp-content\/uploads\/2019\/06\/Britta_Schepers_Geschaeftsfuehrerin-1.jpg\" title=\"Britta_Schepers_Geschaeftsfuehrerin\" alt=\"\" srcset=\"http:\/\/www.heimatverein-suedlohn.de\/wp-content\/uploads\/2019\/06\/Britta_Schepers_Geschaeftsfuehrerin-1.jpg 300w, http:\/\/www.heimatverein-suedlohn.de\/wp-content\/uploads\/2019\/06\/Britta_Schepers_Geschaeftsfuehrerin-1-80x80.jpg 80w, http:\/\/www.heimatverein-suedlohn.de\/wp-content\/uploads\/2019\/06\/Britta_Schepers_Geschaeftsfuehrerin-1-36x36.jpg 36w, http:\/\/www.heimatverein-suedlohn.de\/wp-content\/uploads\/2019\/06\/Britta_Schepers_Geschaeftsfuehrerin-1-180x180.jpg 180w, http:\/\/www.heimatverein-suedlohn.de\/wp-content\/uploads\/2019\/06\/Britta_Schepers_Geschaeftsfuehrerin-1-120x120.jpg 120w\" sizes=\"(max-width: 300px) 100vw, 300px\" \/><\/div><\/div><figcaption class='av-inner-masonry-content site-background'><div class='av-inner-masonry-content-pos'><div class='av-inner-masonry-content-pos-content'><div class='avia-arrow'><\/div><div class='av-masonry-entry-content entry-content'  itemprop=\"text\" >Gesch\u00e4ftsf\u00fchrerin Britta Schepers.<\/div><\/div><\/div><\/figcaption><\/figure><\/a><!--end av-masonry entry--><a href=\"http:\/\/www.heimatverein-suedlohn.de\/wp-content\/uploads\/2019\/06\/Bild_03-1.jpg\" data-srcset=\"http:\/\/www.heimatverein-suedlohn.de\/wp-content\/uploads\/2019\/06\/Bild_03-1.jpg 600w, http:\/\/www.heimatverein-suedlohn.de\/wp-content\/uploads\/2019\/06\/Bild_03-1-300x225.jpg 300w, http:\/\/www.heimatverein-suedlohn.de\/wp-content\/uploads\/2019\/06\/Bild_03-1-450x338.jpg 450w\" data-sizes=\"(max-width: 600px) 100vw, 600px\"  aria-label=\"Bild Bild_03\"  id='av-masonry-1-item-4975' data-av-masonry-item='4975' class='av-masonry-entry isotope-item post-4975 attachment type-attachment status-inherit hentry  av-masonry-item-with-image' title=\"Bild_03\" alt=\"\"    itemprop=\"thumbnailUrl\" ><div class='av-inner-masonry-sizer'><\/div><figure class='av-inner-masonry main_color'><div class=\"av-masonry-outerimage-container\"><div class='av-masonry-image-container'   ><img decoding=\"async\" width=\"600\" height=\"450\" class=\"wp-image-4975 avia-img-lazy-loading-not-4975\"  src=\"http:\/\/www.heimatverein-suedlohn.de\/wp-content\/uploads\/2019\/06\/Bild_03-1.jpg\" title=\"Bild_03\" alt=\"\" srcset=\"http:\/\/www.heimatverein-suedlohn.de\/wp-content\/uploads\/2019\/06\/Bild_03-1.jpg 600w, http:\/\/www.heimatverein-suedlohn.de\/wp-content\/uploads\/2019\/06\/Bild_03-1-300x225.jpg 300w, http:\/\/www.heimatverein-suedlohn.de\/wp-content\/uploads\/2019\/06\/Bild_03-1-450x338.jpg 450w\" sizes=\"(max-width: 600px) 100vw, 600px\" \/><\/div><\/div><figcaption class='av-inner-masonry-content site-background'><div class='av-inner-masonry-content-pos'><div class='av-inner-masonry-content-pos-content'><div class='avia-arrow'><\/div><div class='av-masonry-entry-content entry-content'  itemprop=\"text\" >Das Lieferprogramm ist allumfassend f\u00fcr Rohbau, Fassade, Dach, Trockenbau, Renovierung, T\u00fcren\/Tore, Gartengestaltung, Tiefbau bis hin zum Baufachmarkt. <\/div><\/div><\/div><\/figcaption><\/figure><\/a><!--end av-masonry entry--><a href=\"http:\/\/www.heimatverein-suedlohn.de\/wp-content\/uploads\/2019\/06\/Bild_04-1.jpg\" data-srcset=\"http:\/\/www.heimatverein-suedlohn.de\/wp-content\/uploads\/2019\/06\/Bild_04-1.jpg 600w, http:\/\/www.heimatverein-suedlohn.de\/wp-content\/uploads\/2019\/06\/Bild_04-1-300x225.jpg 300w, http:\/\/www.heimatverein-suedlohn.de\/wp-content\/uploads\/2019\/06\/Bild_04-1-450x338.jpg 450w\" data-sizes=\"(max-width: 600px) 100vw, 600px\"  aria-label=\"Bild Bild_04\"  id='av-masonry-1-item-4978' data-av-masonry-item='4978' class='av-masonry-entry isotope-item post-4978 attachment type-attachment status-inherit hentry  av-masonry-item-with-image' title=\"Bild_04\" alt=\"\"    itemprop=\"thumbnailUrl\" ><div class='av-inner-masonry-sizer'><\/div><figure class='av-inner-masonry main_color'><div class=\"av-masonry-outerimage-container\"><div class='av-masonry-image-container'   ><img decoding=\"async\" width=\"600\" height=\"450\" class=\"wp-image-4978 avia-img-lazy-loading-not-4978\"  src=\"http:\/\/www.heimatverein-suedlohn.de\/wp-content\/uploads\/2019\/06\/Bild_04-1.jpg\" title=\"Bild_04\" alt=\"\" srcset=\"http:\/\/www.heimatverein-suedlohn.de\/wp-content\/uploads\/2019\/06\/Bild_04-1.jpg 600w, http:\/\/www.heimatverein-suedlohn.de\/wp-content\/uploads\/2019\/06\/Bild_04-1-300x225.jpg 300w, http:\/\/www.heimatverein-suedlohn.de\/wp-content\/uploads\/2019\/06\/Bild_04-1-450x338.jpg 450w\" sizes=\"(max-width: 600px) 100vw, 600px\" \/><\/div><\/div><figcaption class='av-inner-masonry-content site-background'><div class='av-inner-masonry-content-pos'><div class='av-inner-masonry-content-pos-content'><div class='avia-arrow'><\/div><div class='av-masonry-entry-content entry-content'  itemprop=\"text\" >Das Lieferprogramm ist allumfassend f\u00fcr Rohbau, Fassade, Dach, Trockenbau, Renovierung, T\u00fcren\/Tore, Gartengestaltung, Tiefbau bis hin zum Baufachmarkt. <\/div><\/div><\/div><\/figcaption><\/figure><\/a><!--end av-masonry entry--><a href=\"http:\/\/www.heimatverein-suedlohn.de\/wp-content\/uploads\/2019\/06\/Bild_01-1.jpg\" data-srcset=\"http:\/\/www.heimatverein-suedlohn.de\/wp-content\/uploads\/2019\/06\/Bild_01-1.jpg 600w, http:\/\/www.heimatverein-suedlohn.de\/wp-content\/uploads\/2019\/06\/Bild_01-1-300x225.jpg 300w, http:\/\/www.heimatverein-suedlohn.de\/wp-content\/uploads\/2019\/06\/Bild_01-1-450x338.jpg 450w\" data-sizes=\"(max-width: 600px) 100vw, 600px\"  aria-label=\"Bild Bild_01\"  id='av-masonry-1-item-4964' data-av-masonry-item='4964' class='av-masonry-entry isotope-item post-4964 attachment type-attachment status-inherit hentry  av-masonry-item-with-image' title=\"Bild_01\" alt=\"\"    itemprop=\"thumbnailUrl\" ><div class='av-inner-masonry-sizer'><\/div><figure class='av-inner-masonry main_color'><div class=\"av-masonry-outerimage-container\"><div class='av-masonry-image-container'   ><img decoding=\"async\" width=\"600\" height=\"450\" class=\"wp-image-4964 avia-img-lazy-loading-not-4964\"  src=\"http:\/\/www.heimatverein-suedlohn.de\/wp-content\/uploads\/2019\/06\/Bild_01-1.jpg\" title=\"Bild_01\" alt=\"\" srcset=\"http:\/\/www.heimatverein-suedlohn.de\/wp-content\/uploads\/2019\/06\/Bild_01-1.jpg 600w, http:\/\/www.heimatverein-suedlohn.de\/wp-content\/uploads\/2019\/06\/Bild_01-1-300x225.jpg 300w, http:\/\/www.heimatverein-suedlohn.de\/wp-content\/uploads\/2019\/06\/Bild_01-1-450x338.jpg 450w\" sizes=\"(max-width: 600px) 100vw, 600px\" \/><\/div><\/div><figcaption class='av-inner-masonry-content site-background'><div class='av-inner-masonry-content-pos'><div class='av-inner-masonry-content-pos-content'><div class='avia-arrow'><\/div><div class='av-masonry-entry-content entry-content'  itemprop=\"text\" >Das Lieferprogramm ist allumfassend f\u00fcr Rohbau, Fassade, Dach, Trockenbau, Renovierung, T\u00fcren\/Tore, Gartengestaltung, Tiefbau bis hin zum Baufachmarkt. <\/div><\/div><\/div><\/figcaption><\/figure><\/a><!--end av-masonry entry--><\/div><\/div><\/p><\/div><section  class='av_textblock_section av-30jd08-eabc77468664c58d9a1c04a8f04deecc'  itemscope=\"itemscope\" itemtype=\"https:\/\/schema.org\/BlogPosting\" itemprop=\"blogPost\" ><div class='avia_textblock'  itemprop=\"text\" ><p><strong><span class=\"st\">\u00a9<\/span> 2019 &#8211; heimatverein-suedlohn.de<\/strong><\/p>\n<p>Der Inhalt dieser Seiten unterliegt dem urheberrechtlichen Schutz. Bitte beachten Sie die Hinweise im Vorwort des Verfassers.<\/p>\n<\/div><\/section><\/p>\n","protected":false},"excerpt":{"rendered":"","protected":false},"author":1,"featured_media":4980,"comment_status":"closed","ping_status":"open","sticky":false,"template":"","format":"standard","meta":{"footnotes":""},"categories":[16,26,17],"tags":[89,175],"class_list":["post-4944","post","type-post","status-publish","format-standard","has-post-thumbnail","hentry","category-gesamtuebersicht-nach-alphabet","category-handel-handwerk-gewerbe-und-industrie","category-bauen-wohnen","tag-wehr-bedachungen","tag-wehling-busert-gmbh"],"_links":{"self":[{"href":"http:\/\/www.heimatverein-suedlohn.de\/index.php\/wp-json\/wp\/v2\/posts\/4944","targetHints":{"allow":["GET"]}}],"collection":[{"href":"http:\/\/www.heimatverein-suedlohn.de\/index.php\/wp-json\/wp\/v2\/posts"}],"about":[{"href":"http:\/\/www.heimatverein-suedlohn.de\/index.php\/wp-json\/wp\/v2\/types\/post"}],"author":[{"embeddable":true,"href":"http:\/\/www.heimatverein-suedlohn.de\/index.php\/wp-json\/wp\/v2\/users\/1"}],"replies":[{"embeddable":true,"href":"http:\/\/www.heimatverein-suedlohn.de\/index.php\/wp-json\/wp\/v2\/comments?post=4944"}],"version-history":[{"count":7,"href":"http:\/\/www.heimatverein-suedlohn.de\/index.php\/wp-json\/wp\/v2\/posts\/4944\/revisions"}],"predecessor-version":[{"id":4987,"href":"http:\/\/www.heimatverein-suedlohn.de\/index.php\/wp-json\/wp\/v2\/posts\/4944\/revisions\/4987"}],"wp:featuredmedia":[{"embeddable":true,"href":"http:\/\/www.heimatverein-suedlohn.de\/index.php\/wp-json\/wp\/v2\/media\/4980"}],"wp:attachment":[{"href":"http:\/\/www.heimatverein-suedlohn.de\/index.php\/wp-json\/wp\/v2\/media?parent=4944"}],"wp:term":[{"taxonomy":"category","embeddable":true,"href":"http:\/\/www.heimatverein-suedlohn.de\/index.php\/wp-json\/wp\/v2\/categories?post=4944"},{"taxonomy":"post_tag","embeddable":true,"href":"http:\/\/www.heimatverein-suedlohn.de\/index.php\/wp-json\/wp\/v2\/tags?post=4944"}],"curies":[{"name":"wp","href":"https:\/\/api.w.org\/{rel}","templated":true}]}}