{"id":4561,"date":"2018-10-01T14:56:34","date_gmt":"2018-10-01T12:56:34","guid":{"rendered":"http:\/\/www.heimatverein-suedlohn.de\/?p=4561"},"modified":"2018-10-01T16:28:00","modified_gmt":"2018-10-01T14:28:00","slug":"podologische-praxis-giselda-marano","status":"publish","type":"post","link":"http:\/\/www.heimatverein-suedlohn.de\/index.php\/2018\/10\/01\/podologische-praxis-giselda-marano\/","title":{"rendered":"Podologische Praxis &#8211; Giselda Marano"},"content":{"rendered":"\n<style type=\"text\/css\" data-created_by=\"avia_inline_auto\" id=\"style-css-av-av_one_half-9497bbf8bff73ea4c6992cc17fa9ec36\">\n.flex_column.av-av_one_half-9497bbf8bff73ea4c6992cc17fa9ec36{\n-webkit-border-radius:0px 0px 0px 0px;\n-moz-border-radius:0px 0px 0px 0px;\nborder-radius:0px 0px 0px 0px;\npadding:0px 0px 0px 0px;\n}\n<\/style>\n<div class='flex_column av-av_one_half-9497bbf8bff73ea4c6992cc17fa9ec36 av_one_half  avia-builder-el-0  el_before_av_one_half  avia-builder-el-first  first flex_column_div av-zero-column-padding '     ><section  class='av_textblock_section av-av_textblock-2de302bf1aa3cf4c9157dbe6f50ac7eb'  itemscope=\"itemscope\" itemtype=\"https:\/\/schema.org\/BlogPosting\" itemprop=\"blogPost\" ><div class='avia_textblock'  itemprop=\"text\" ><p><strong>Podologische Praxis<\/strong><br \/>\nGiselda Marano Podologin DDG<br \/>\nAm Vereinshaus 1a<br \/>\n46354 S\u00fcdlohn<br \/>\nTelefon: 02862 &#8211; 418 451<\/p>\n<p>E-Mail: <a href=\"mailto:info@podologie-marano.de\">info@podologie-marano.de<\/a><br \/>\nInternet: <a href=\"http:\/\/www.podologie-marano.de\" target=\"_blank\" rel=\"noopener\">www.podologie-marano.de<\/a><\/p>\n<\/div><\/section><\/div>\n\n<style type=\"text\/css\" data-created_by=\"avia_inline_auto\" id=\"style-css-av-av_one_half-9c1d454dc06f7247226bc4e8f931daae\">\n.flex_column.av-av_one_half-9c1d454dc06f7247226bc4e8f931daae{\n-webkit-border-radius:0px 0px 0px 0px;\n-moz-border-radius:0px 0px 0px 0px;\nborder-radius:0px 0px 0px 0px;\npadding:0px 0px 0px 0px;\n}\n<\/style>\n<div class='flex_column av-av_one_half-9c1d454dc06f7247226bc4e8f931daae av_one_half  avia-builder-el-2  el_after_av_one_half  el_before_av_one_full  flex_column_div av-zero-column-padding '     ><style type=\"text\/css\" data-created_by=\"avia_inline_auto\" id=\"style-css-av-av_image-0218922ab84e2d5b12be30a802ae21a3\">\n.avia-image-container.av-av_image-0218922ab84e2d5b12be30a802ae21a3 img.avia_image{\nbox-shadow:none;\n}\n.avia-image-container.av-av_image-0218922ab84e2d5b12be30a802ae21a3 .av-image-caption-overlay-center{\ncolor:#ffffff;\n}\n<\/style>\n<div  class='avia-image-container av-av_image-0218922ab84e2d5b12be30a802ae21a3 av-styling- avia-align-center  avia-builder-el-3  avia-builder-el-no-sibling '   itemprop=\"image\" itemscope=\"itemscope\" itemtype=\"https:\/\/schema.org\/ImageObject\" ><div class=\"avia-image-container-inner\"><div class=\"avia-image-overlay-wrap\"><img decoding=\"async\" class='wp-image-4568 avia-img-lazy-loading-not-4568 avia_image ' src=\"http:\/\/www.heimatverein-suedlohn.de\/wp-content\/uploads\/2018\/10\/logo-300x125.png\" alt='' title='logo'  height=\"125\" width=\"300\"  itemprop=\"thumbnailUrl\" srcset=\"http:\/\/www.heimatverein-suedlohn.de\/wp-content\/uploads\/2018\/10\/logo-300x125.png 300w, http:\/\/www.heimatverein-suedlohn.de\/wp-content\/uploads\/2018\/10\/logo-768x320.png 768w, http:\/\/www.heimatverein-suedlohn.de\/wp-content\/uploads\/2018\/10\/logo-1030x429.png 1030w, http:\/\/www.heimatverein-suedlohn.de\/wp-content\/uploads\/2018\/10\/logo-1500x625.png 1500w, http:\/\/www.heimatverein-suedlohn.de\/wp-content\/uploads\/2018\/10\/logo-705x294.png 705w, http:\/\/www.heimatverein-suedlohn.de\/wp-content\/uploads\/2018\/10\/logo-450x187.png 450w\" sizes=\"(max-width: 300px) 100vw, 300px\" \/><\/div><\/div><\/div><\/div>\n\n<style type=\"text\/css\" data-created_by=\"avia_inline_auto\" id=\"style-css-av-av_one_full-9497bbf8bff73ea4c6992cc17fa9ec36\">\n.flex_column.av-av_one_full-9497bbf8bff73ea4c6992cc17fa9ec36{\n-webkit-border-radius:0px 0px 0px 0px;\n-moz-border-radius:0px 0px 0px 0px;\nborder-radius:0px 0px 0px 0px;\npadding:0px 0px 0px 0px;\n}\n<\/style>\n<div class='flex_column av-av_one_full-9497bbf8bff73ea4c6992cc17fa9ec36 av_one_full  avia-builder-el-4  el_after_av_one_half  el_before_av_textblock  first flex_column_div av-zero-column-padding column-top-margin'     ><section  class='av_textblock_section av-av_textblock-2de302bf1aa3cf4c9157dbe6f50ac7eb'  itemscope=\"itemscope\" itemtype=\"https:\/\/schema.org\/BlogPosting\" itemprop=\"blogPost\" ><div class='avia_textblock'  itemprop=\"text\" ><h2>So weit die F\u00fc\u00dfe tragen!<\/h2>\n<div id=\"attachment_4574\" style=\"width: 270px\" class=\"wp-caption alignleft\"><a href=\"http:\/\/www.heimatverein-suedlohn.de\/wp-content\/uploads\/2018\/10\/team_marando.jpg\"><img loading=\"lazy\" decoding=\"async\" aria-describedby=\"caption-attachment-4574\" class=\"size-full wp-image-4574\" src=\"http:\/\/www.heimatverein-suedlohn.de\/wp-content\/uploads\/2018\/10\/team_marando.jpg\" alt=\"Podologin Giselda Marano machte 2006 ihr Examen und er\u00f6ffnete ein Jahr sp\u00e4ter ihre erste Praxis.\" width=\"260\" height=\"260\" srcset=\"http:\/\/www.heimatverein-suedlohn.de\/wp-content\/uploads\/2018\/10\/team_marando.jpg 260w, http:\/\/www.heimatverein-suedlohn.de\/wp-content\/uploads\/2018\/10\/team_marando-80x80.jpg 80w, http:\/\/www.heimatverein-suedlohn.de\/wp-content\/uploads\/2018\/10\/team_marando-36x36.jpg 36w, http:\/\/www.heimatverein-suedlohn.de\/wp-content\/uploads\/2018\/10\/team_marando-180x180.jpg 180w, http:\/\/www.heimatverein-suedlohn.de\/wp-content\/uploads\/2018\/10\/team_marando-120x120.jpg 120w\" sizes=\"auto, (max-width: 260px) 100vw, 260px\" \/><\/a><p id=\"caption-attachment-4574\" class=\"wp-caption-text\">Podologin Giselda Marano machte 2006 ihr Examen und er\u00f6ffnete ein Jahr sp\u00e4ter ihre erste Praxis.<\/p><\/div>\n<p>Was k\u00f6nnen F\u00fc\u00dfe? Nachdem ein Baby gelernt hat, sich zu drehen, zu sitzen und zu krabbeln, entdeckt es Stehen und Laufen. Das Laufen geh\u00f6rt zu den wichtigsten Entwicklungsschritten eines Kleinkindes. Auf einmal geht es &#8211; zun\u00e4chst unsicher das Ziel von Vater oder Mutter in 1 m Entfernung erreichen, um dann sp\u00e4ter alle M\u00f6glichkeiten der F\u00fc\u00dfe auszusch\u00f6pfen: Laufen, rennen, springen, hechten, h\u00fcpfen, hoppeln, hopsen, schleichen, spurten, sprinten, kraxeln und klettern. Das alles und vieles mehr k\u00f6nnen F\u00fc\u00dfe.<\/p>\n<p>Es versteht sich von selbst, dass der multifunktionale Bewegungsapparat der F\u00fc\u00dfe gepflegt werden sollte. Hier kommt die Podologie zum Zuge, die nicht\u00e4rztliche &#8222;Heilkunst am Fu\u00df&#8220;, in S\u00fcdlohn in der Praxis f\u00fcr Podologie von Giselda Marano. Anfang 2002 trat das Gesetz f\u00fcr Podologen in Kraft. Die F\u00fchrung der Berufserlaubnis ist von der staatlichen Erlaubnis abh\u00e4ngig. Nur wer im Besitz der Erlaubnis ist, darf sich Podologe \/ -in nennen.<\/p>\n<p>Giselda Marano machte im Jahre 2006 ihr Examen zur Podologin. Bereits ein Jahr sp\u00e4ter er\u00f6ffnete sie ihre erste Praxis mit zwei Behandlungspl\u00e4tzen in Oeding. Mit der Weiterbildung zur &#8222;Podologin DDG&#8220; (Deutsche Diabetes Gesellschaft) und zur Wundassistentin DDG qualifizierte sich Giselda Marano, um Patienten mit diabetischem Fu\u00dfsyndrom eine qualifizierte, verletzungsfreie medizinische Haut- und Nagelbehandlung des Fu\u00dfes zukommen zu lassen. Zus\u00e4tzlich ist 2017 die Zulassung als &#8222;Heilpraktiker f\u00fcr Podologie&#8220; erteilt<\/p>\n<div id=\"attachment_4566\" style=\"width: 310px\" class=\"wp-caption alignright\"><a href=\"http:\/\/www.heimatverein-suedlohn.de\/wp-content\/uploads\/2018\/10\/raum7-1-1.jpg\"><img loading=\"lazy\" decoding=\"async\" aria-describedby=\"caption-attachment-4566\" class=\"size-medium wp-image-4566\" src=\"http:\/\/www.heimatverein-suedlohn.de\/wp-content\/uploads\/2018\/10\/raum7-1-1-300x200.jpg\" alt=\"Die Ende 2017 er\u00f6ffnete Praxis ist zeitgem\u00e4\u00df modern, hell und freundlich eingerichtet.\" width=\"300\" height=\"200\" srcset=\"http:\/\/www.heimatverein-suedlohn.de\/wp-content\/uploads\/2018\/10\/raum7-1-1-300x200.jpg 300w, http:\/\/www.heimatverein-suedlohn.de\/wp-content\/uploads\/2018\/10\/raum7-1-1-768x512.jpg 768w, http:\/\/www.heimatverein-suedlohn.de\/wp-content\/uploads\/2018\/10\/raum7-1-1-705x470.jpg 705w, http:\/\/www.heimatverein-suedlohn.de\/wp-content\/uploads\/2018\/10\/raum7-1-1-450x300.jpg 450w, http:\/\/www.heimatverein-suedlohn.de\/wp-content\/uploads\/2018\/10\/raum7-1-1.jpg 1000w\" sizes=\"auto, (max-width: 300px) 100vw, 300px\" \/><\/a><p id=\"caption-attachment-4566\" class=\"wp-caption-text\">Die Ende 2017 er\u00f6ffnete Praxis ist zeitgem\u00e4\u00df modern, hell und freundlich eingerichtet.<\/p><\/div>\n<p>worden.<\/p>\n<p>Die R\u00e4umlichkeiten in Oeding erwiesen sich als nicht ausreichend. In S\u00fcdlohn bot sich die Gelegenheit, im neuen \u00c4rztehaus &#8222;Am Vereinshaus&#8220; Praxisr\u00e4ume mit vier Behandlungspl\u00e4tzen einzurichten. Der Bezug der hellen und freundlichen R\u00e4ume mit zeitgerechter moderner Einrichtung erfolgte im Dezember 2017.<\/p>\n<p>Die Behandlungsma\u00dfnahmen der podologischen Praxis sind vielf\u00e4ltig, sie umfassen pr\u00e4ventive und kurativ therapeutische Ma\u00dfnahmen rund um den Fu\u00df. Die Medizinische Fu\u00dfpflegebehandlung umfasst alle Behandlungen der F\u00fc\u00dfe: Gef\u00e4\u00dfbefund, fachgerechtes Schneiden der N\u00e4gel, Nagel- und Fu\u00dfpilzbehandlungen, Warzenbehandlungen, Entfernen von H\u00fchneraugen bis hin zu pr\u00e4ventiver Fu\u00dfmassagen und Anleitung zur pr\u00e4ventiven Fu\u00dfgymnastik. Nagelkorrekturen eingewachsener N\u00e4gel werden therapeutisch durch eine fachgerechte podologische Nagelspangentherapie vorgenommen.<\/p>\n<div id=\"attachment_4562\" style=\"width: 310px\" class=\"wp-caption alignleft\"><a href=\"http:\/\/www.heimatverein-suedlohn.de\/wp-content\/uploads\/2018\/10\/raum_5082.jpg\"><img decoding=\"async\" aria-describedby=\"caption-attachment-4562\" class=\"size-medium wp-image-4562\" src=\"http:\/\/www.heimatverein-suedlohn.de\/wp-content\/uploads\/2018\/10\/raum_5082-300x200.jpg\" alt=\"Die Ende 2017 er\u00f6ffnete Praxis ist zeitgem\u00e4\u00df modern, hell und freundlich eingerichtet.\" width=\"300\" height=\"200\" srcset=\"http:\/\/www.heimatverein-suedlohn.de\/wp-content\/uploads\/2018\/10\/raum_5082-300x200.jpg 300w, http:\/\/www.heimatverein-suedlohn.de\/wp-content\/uploads\/2018\/10\/raum_5082-768x512.jpg 768w, http:\/\/www.heimatverein-suedlohn.de\/wp-content\/uploads\/2018\/10\/raum_5082-705x470.jpg 705w, http:\/\/www.heimatverein-suedlohn.de\/wp-content\/uploads\/2018\/10\/raum_5082-450x300.jpg 450w, http:\/\/www.heimatverein-suedlohn.de\/wp-content\/uploads\/2018\/10\/raum_5082.jpg 1000w\" sizes=\"(max-width: 300px) 100vw, 300px\" \/><\/a><p id=\"caption-attachment-4562\" class=\"wp-caption-text\">Die Ende 2017 er\u00f6ffnete Praxis ist zeitgem\u00e4\u00df modern, hell und freundlich eingerichtet.<\/p><\/div>\n<p>Diabetiker mit Folgesch\u00e4den am Fu\u00df im Sinne eines Diabetischen Fu\u00dfsyndroms (DFS) erhalten von den gesetzlichen und privaten Krankenkassen eine Heilmittelverordnung zur podologischen Komplexbehandlung. In notwendigen F\u00e4llen erfolgt die Zusammenarbeit mit anderen Berufsgruppen, zum Beispiel mit \u00c4rzten, Orthop\u00e4dieschuhmachern oder Physiotherapeuten und Ergotherapeuten.<\/p>\n<p>Das Team von Giselda Marano umfasst 5 Mitarbeiterinnen, davon 1 Auszubildende. Die ganze Praxis k\u00fcmmert sich ganzheitlich um F\u00fc\u00dfe, damit die Menschen weiterhin auf gesunden F\u00fc\u00dfen stehen.<\/p>\n<h5>2018 \u00a9 heimatverein-suedlohn.de<\/h5>\n<\/div><\/section><br \/>\n<div id='av-masonry-1' class='av-masonry av-av_masonry_gallery-152df939364a4ae85684332b6925187f noHover av-flex-size av-large-gap av-hover-overlay- av-masonry-animation-active av-masonry-col-2 av-caption-always av-caption-style- av-masonry-gallery '><div class=\"av-masonry-container isotope av-js-disabled\"><div class='av-masonry-entry isotope-item av-masonry-item-no-image '><\/div><a href=\"http:\/\/www.heimatverein-suedlohn.de\/wp-content\/uploads\/2018\/10\/raum_5084-1030x687.jpg\" data-srcset=\"http:\/\/www.heimatverein-suedlohn.de\/wp-content\/uploads\/2018\/10\/raum_5084-1030x687.jpg 1030w, http:\/\/www.heimatverein-suedlohn.de\/wp-content\/uploads\/2018\/10\/raum_5084-300x200.jpg 300w, http:\/\/www.heimatverein-suedlohn.de\/wp-content\/uploads\/2018\/10\/raum_5084-768x512.jpg 768w, http:\/\/www.heimatverein-suedlohn.de\/wp-content\/uploads\/2018\/10\/raum_5084-705x470.jpg 705w, http:\/\/www.heimatverein-suedlohn.de\/wp-content\/uploads\/2018\/10\/raum_5084-450x300.jpg 450w, http:\/\/www.heimatverein-suedlohn.de\/wp-content\/uploads\/2018\/10\/raum_5084.jpg 1123w\" data-sizes=\"(max-width: 1030px) 100vw, 1030px\"  aria-label=\"Bild raum_5084\"  id='av-masonry-1-item-4570' data-av-masonry-item='4570' class='av-masonry-entry isotope-item post-4570 attachment type-attachment status-inherit hentry  av-masonry-item-with-image' title=\"raum_5084\" alt=\"\"    itemprop=\"thumbnailUrl\" ><div class='av-inner-masonry-sizer'><\/div><figure class='av-inner-masonry main_color'><div class=\"av-masonry-outerimage-container\"><div class='av-masonry-image-container'   ><img decoding=\"async\" width=\"705\" height=\"470\" class=\"wp-image-4570 avia-img-lazy-loading-not-4570\"  src=\"http:\/\/www.heimatverein-suedlohn.de\/wp-content\/uploads\/2018\/10\/raum_5084-705x470.jpg\" title=\"raum_5084\" alt=\"\" srcset=\"http:\/\/www.heimatverein-suedlohn.de\/wp-content\/uploads\/2018\/10\/raum_5084-705x470.jpg 705w, http:\/\/www.heimatverein-suedlohn.de\/wp-content\/uploads\/2018\/10\/raum_5084-300x200.jpg 300w, http:\/\/www.heimatverein-suedlohn.de\/wp-content\/uploads\/2018\/10\/raum_5084-768x512.jpg 768w, http:\/\/www.heimatverein-suedlohn.de\/wp-content\/uploads\/2018\/10\/raum_5084-1030x687.jpg 1030w, http:\/\/www.heimatverein-suedlohn.de\/wp-content\/uploads\/2018\/10\/raum_5084-450x300.jpg 450w, http:\/\/www.heimatverein-suedlohn.de\/wp-content\/uploads\/2018\/10\/raum_5084.jpg 1123w\" sizes=\"(max-width: 705px) 100vw, 705px\" \/><\/div><\/div><figcaption class='av-inner-masonry-content site-background'><div class='av-inner-masonry-content-pos'><div class='av-inner-masonry-content-pos-content'><div class='avia-arrow'><\/div><div class='av-masonry-entry-content entry-content'  itemprop=\"text\" >Die medizinischen Behandlungsma\u00dfnahmen sind vielf\u00e4ltig und umfassend.....<\/div><\/div><\/div><\/figcaption><\/figure><\/a><!--end av-masonry entry--><a href=\"http:\/\/www.heimatverein-suedlohn.de\/wp-content\/uploads\/2018\/10\/raum_5087-1030x687.jpg\" data-srcset=\"http:\/\/www.heimatverein-suedlohn.de\/wp-content\/uploads\/2018\/10\/raum_5087-1030x687.jpg 1030w, http:\/\/www.heimatverein-suedlohn.de\/wp-content\/uploads\/2018\/10\/raum_5087-300x200.jpg 300w, http:\/\/www.heimatverein-suedlohn.de\/wp-content\/uploads\/2018\/10\/raum_5087-768x512.jpg 768w, http:\/\/www.heimatverein-suedlohn.de\/wp-content\/uploads\/2018\/10\/raum_5087-705x470.jpg 705w, http:\/\/www.heimatverein-suedlohn.de\/wp-content\/uploads\/2018\/10\/raum_5087-450x300.jpg 450w, http:\/\/www.heimatverein-suedlohn.de\/wp-content\/uploads\/2018\/10\/raum_5087.jpg 1123w\" data-sizes=\"(max-width: 1030px) 100vw, 1030px\"  aria-label=\"Bild raum_5087\"  id='av-masonry-1-item-4569' data-av-masonry-item='4569' class='av-masonry-entry isotope-item post-4569 attachment type-attachment status-inherit hentry  av-masonry-item-with-image' title=\"raum_5087\" alt=\"\"    itemprop=\"thumbnailUrl\" ><div class='av-inner-masonry-sizer'><\/div><figure class='av-inner-masonry main_color'><div class=\"av-masonry-outerimage-container\"><div class='av-masonry-image-container'   ><img decoding=\"async\" width=\"705\" height=\"470\" class=\"wp-image-4569 avia-img-lazy-loading-not-4569\"  src=\"http:\/\/www.heimatverein-suedlohn.de\/wp-content\/uploads\/2018\/10\/raum_5087-705x470.jpg\" title=\"raum_5087\" alt=\"\" srcset=\"http:\/\/www.heimatverein-suedlohn.de\/wp-content\/uploads\/2018\/10\/raum_5087-705x470.jpg 705w, http:\/\/www.heimatverein-suedlohn.de\/wp-content\/uploads\/2018\/10\/raum_5087-300x200.jpg 300w, http:\/\/www.heimatverein-suedlohn.de\/wp-content\/uploads\/2018\/10\/raum_5087-768x512.jpg 768w, http:\/\/www.heimatverein-suedlohn.de\/wp-content\/uploads\/2018\/10\/raum_5087-1030x687.jpg 1030w, http:\/\/www.heimatverein-suedlohn.de\/wp-content\/uploads\/2018\/10\/raum_5087-450x300.jpg 450w, http:\/\/www.heimatverein-suedlohn.de\/wp-content\/uploads\/2018\/10\/raum_5087.jpg 1123w\" sizes=\"(max-width: 705px) 100vw, 705px\" \/><\/div><\/div><figcaption class='av-inner-masonry-content site-background'><div class='av-inner-masonry-content-pos'><div class='av-inner-masonry-content-pos-content'><div class='avia-arrow'><\/div><div class='av-masonry-entry-content entry-content'  itemprop=\"text\" >....Gef\u00e4\u00dfbefund, Schneiden der N\u00e4gel, Pilz-und Warzenbehandlungen, Nagelkorrekturen, pr\u00e4ventive Fu\u00dfmassagen,..... <\/div><\/div><\/div><\/figcaption><\/figure><\/a><!--end av-masonry entry--><a href=\"http:\/\/www.heimatverein-suedlohn.de\/wp-content\/uploads\/2018\/10\/raum_5082.jpg\" data-srcset=\"http:\/\/www.heimatverein-suedlohn.de\/wp-content\/uploads\/2018\/10\/raum_5082.jpg 1000w, http:\/\/www.heimatverein-suedlohn.de\/wp-content\/uploads\/2018\/10\/raum_5082-300x200.jpg 300w, http:\/\/www.heimatverein-suedlohn.de\/wp-content\/uploads\/2018\/10\/raum_5082-768x512.jpg 768w, http:\/\/www.heimatverein-suedlohn.de\/wp-content\/uploads\/2018\/10\/raum_5082-705x470.jpg 705w, http:\/\/www.heimatverein-suedlohn.de\/wp-content\/uploads\/2018\/10\/raum_5082-450x300.jpg 450w\" data-sizes=\"(max-width: 1000px) 100vw, 1000px\"  aria-label=\"Bild Die Ende 2017 er\u00f6ffnete Praxis ist zeitgem\u00e4\u00df modern, hell und freundlich eingerichtet.\"  id='av-masonry-1-item-4562' data-av-masonry-item='4562' class='av-masonry-entry isotope-item post-4562 attachment type-attachment status-inherit hentry  av-masonry-item-with-image' title=\"Die Ende 2017 er\u00f6ffnete Praxis ist zeitgem\u00e4\u00df modern, hell und freundlich eingerichtet.\" alt=\"Die Ende 2017 er\u00f6ffnete Praxis ist zeitgem\u00e4\u00df modern, hell und freundlich eingerichtet.\"    itemprop=\"thumbnailUrl\" ><div class='av-inner-masonry-sizer'><\/div><figure class='av-inner-masonry main_color'><div class=\"av-masonry-outerimage-container\"><div class='av-masonry-image-container'   ><img decoding=\"async\" width=\"705\" height=\"470\" class=\"wp-image-4562 avia-img-lazy-loading-not-4562\"  src=\"http:\/\/www.heimatverein-suedlohn.de\/wp-content\/uploads\/2018\/10\/raum_5082-705x470.jpg\" title=\"Die Ende 2017 er\u00f6ffnete Praxis ist zeitgem\u00e4\u00df modern, hell und freundlich eingerichtet.\" alt=\"Die Ende 2017 er\u00f6ffnete Praxis ist zeitgem\u00e4\u00df modern, hell und freundlich eingerichtet.\" srcset=\"http:\/\/www.heimatverein-suedlohn.de\/wp-content\/uploads\/2018\/10\/raum_5082-705x470.jpg 705w, http:\/\/www.heimatverein-suedlohn.de\/wp-content\/uploads\/2018\/10\/raum_5082-300x200.jpg 300w, http:\/\/www.heimatverein-suedlohn.de\/wp-content\/uploads\/2018\/10\/raum_5082-768x512.jpg 768w, http:\/\/www.heimatverein-suedlohn.de\/wp-content\/uploads\/2018\/10\/raum_5082-450x300.jpg 450w, http:\/\/www.heimatverein-suedlohn.de\/wp-content\/uploads\/2018\/10\/raum_5082.jpg 1000w\" sizes=\"(max-width: 705px) 100vw, 705px\" \/><\/div><\/div><figcaption class='av-inner-masonry-content site-background'><div class='av-inner-masonry-content-pos'><div class='av-inner-masonry-content-pos-content'><div class='avia-arrow'><\/div><div class='av-masonry-entry-content entry-content'  itemprop=\"text\" >..... in der Praxis k\u00fcmmert man sich ganzheitlich um F\u00fc\u00dfe.  Die Ende 2017 er\u00f6ffnete Praxis ist zeitgem\u00e4\u00df modern, hell und freundlich eingerichtet.<\/div><\/div><\/div><\/figcaption><\/figure><\/a><!--end av-masonry entry--><a href=\"http:\/\/www.heimatverein-suedlohn.de\/wp-content\/uploads\/2018\/10\/raum4.jpg\" data-srcset=\"http:\/\/www.heimatverein-suedlohn.de\/wp-content\/uploads\/2018\/10\/raum4.jpg 1000w, http:\/\/www.heimatverein-suedlohn.de\/wp-content\/uploads\/2018\/10\/raum4-300x200.jpg 300w, http:\/\/www.heimatverein-suedlohn.de\/wp-content\/uploads\/2018\/10\/raum4-768x512.jpg 768w, http:\/\/www.heimatverein-suedlohn.de\/wp-content\/uploads\/2018\/10\/raum4-705x470.jpg 705w, http:\/\/www.heimatverein-suedlohn.de\/wp-content\/uploads\/2018\/10\/raum4-450x300.jpg 450w\" data-sizes=\"(max-width: 1000px) 100vw, 1000px\"  aria-label=\"Bild raum4\"  id='av-masonry-1-item-4563' data-av-masonry-item='4563' class='av-masonry-entry isotope-item post-4563 attachment type-attachment status-inherit hentry  av-masonry-item-with-image' title=\"raum4\" alt=\"\"    itemprop=\"thumbnailUrl\" ><div class='av-inner-masonry-sizer'><\/div><figure class='av-inner-masonry main_color'><div class=\"av-masonry-outerimage-container\"><div class='av-masonry-image-container'   ><img decoding=\"async\" width=\"705\" height=\"470\" class=\"wp-image-4563 avia-img-lazy-loading-not-4563\"  src=\"http:\/\/www.heimatverein-suedlohn.de\/wp-content\/uploads\/2018\/10\/raum4-705x470.jpg\" title=\"raum4\" alt=\"\" srcset=\"http:\/\/www.heimatverein-suedlohn.de\/wp-content\/uploads\/2018\/10\/raum4-705x470.jpg 705w, http:\/\/www.heimatverein-suedlohn.de\/wp-content\/uploads\/2018\/10\/raum4-300x200.jpg 300w, http:\/\/www.heimatverein-suedlohn.de\/wp-content\/uploads\/2018\/10\/raum4-768x512.jpg 768w, http:\/\/www.heimatverein-suedlohn.de\/wp-content\/uploads\/2018\/10\/raum4-450x300.jpg 450w, http:\/\/www.heimatverein-suedlohn.de\/wp-content\/uploads\/2018\/10\/raum4.jpg 1000w\" sizes=\"(max-width: 705px) 100vw, 705px\" \/><\/div><\/div><figcaption class='av-inner-masonry-content site-background'><div class='av-inner-masonry-content-pos'><div class='av-inner-masonry-content-pos-content'><div class='avia-arrow'><\/div><div class='av-masonry-entry-content entry-content'  itemprop=\"text\" >Die Ende 2017 er\u00f6ffnete Praxis ist zeitgem\u00e4\u00df modern, hell und freundlich eingerichtet.<\/div><\/div><\/div><\/figcaption><\/figure><\/a><!--end av-masonry entry--><a href=\"http:\/\/www.heimatverein-suedlohn.de\/wp-content\/uploads\/2018\/10\/raum6-1.jpg\" data-srcset=\"http:\/\/www.heimatverein-suedlohn.de\/wp-content\/uploads\/2018\/10\/raum6-1.jpg 1000w, http:\/\/www.heimatverein-suedlohn.de\/wp-content\/uploads\/2018\/10\/raum6-1-300x200.jpg 300w, http:\/\/www.heimatverein-suedlohn.de\/wp-content\/uploads\/2018\/10\/raum6-1-768x512.jpg 768w, http:\/\/www.heimatverein-suedlohn.de\/wp-content\/uploads\/2018\/10\/raum6-1-705x470.jpg 705w, http:\/\/www.heimatverein-suedlohn.de\/wp-content\/uploads\/2018\/10\/raum6-1-450x300.jpg 450w\" data-sizes=\"(max-width: 1000px) 100vw, 1000px\"  aria-label=\"Bild raum6-1\"  id='av-masonry-1-item-4564' data-av-masonry-item='4564' class='av-masonry-entry isotope-item post-4564 attachment type-attachment status-inherit hentry  av-masonry-item-with-image' title=\"raum6-1\" alt=\"\"    itemprop=\"thumbnailUrl\" ><div class='av-inner-masonry-sizer'><\/div><figure class='av-inner-masonry main_color'><div class=\"av-masonry-outerimage-container\"><div class='av-masonry-image-container'   ><img decoding=\"async\" width=\"705\" height=\"470\" class=\"wp-image-4564 avia-img-lazy-loading-not-4564\"  src=\"http:\/\/www.heimatverein-suedlohn.de\/wp-content\/uploads\/2018\/10\/raum6-1-705x470.jpg\" title=\"raum6-1\" alt=\"\" srcset=\"http:\/\/www.heimatverein-suedlohn.de\/wp-content\/uploads\/2018\/10\/raum6-1-705x470.jpg 705w, http:\/\/www.heimatverein-suedlohn.de\/wp-content\/uploads\/2018\/10\/raum6-1-300x200.jpg 300w, http:\/\/www.heimatverein-suedlohn.de\/wp-content\/uploads\/2018\/10\/raum6-1-768x512.jpg 768w, http:\/\/www.heimatverein-suedlohn.de\/wp-content\/uploads\/2018\/10\/raum6-1-450x300.jpg 450w, http:\/\/www.heimatverein-suedlohn.de\/wp-content\/uploads\/2018\/10\/raum6-1.jpg 1000w\" sizes=\"(max-width: 705px) 100vw, 705px\" \/><\/div><\/div><figcaption class='av-inner-masonry-content site-background'><div class='av-inner-masonry-content-pos'><div class='av-inner-masonry-content-pos-content'><div class='avia-arrow'><\/div><div class='av-masonry-entry-content entry-content'  itemprop=\"text\" >Die Ende 2017 er\u00f6ffnete Praxis ist zeitgem\u00e4\u00df modern, hell und freundlich eingerichtet.<\/div><\/div><\/div><\/figcaption><\/figure><\/a><!--end av-masonry entry--><\/div><\/div><\/p><\/div><section  class='av_textblock_section av-av_textblock-2de302bf1aa3cf4c9157dbe6f50ac7eb'  itemscope=\"itemscope\" itemtype=\"https:\/\/schema.org\/BlogPosting\" itemprop=\"blogPost\" ><div class='avia_textblock'  itemprop=\"text\" ><p><strong><span class=\"st\">\u00a9<\/span> 2018 &#8211; heimatverein-suedlohn.de<\/strong><\/p>\n<p>Der Inhalt dieser Seiten unterliegt dem urheberrechtlichen Schutz. Bitte beachten Sie die Hinweise im Vorwort des Verfassers.<\/p>\n<\/div><\/section><\/p>\n","protected":false},"excerpt":{"rendered":"","protected":false},"author":1,"featured_media":4565,"comment_status":"closed","ping_status":"open","sticky":false,"template":"","format":"standard","meta":{"footnotes":""},"categories":[16,23],"tags":[174],"class_list":["post-4561","post","type-post","status-publish","format-standard","has-post-thumbnail","hentry","category-gesamtuebersicht-nach-alphabet","category-gesundheit-pflege","tag-podologische-praxis-giselda-marano"],"_links":{"self":[{"href":"http:\/\/www.heimatverein-suedlohn.de\/index.php\/wp-json\/wp\/v2\/posts\/4561","targetHints":{"allow":["GET"]}}],"collection":[{"href":"http:\/\/www.heimatverein-suedlohn.de\/index.php\/wp-json\/wp\/v2\/posts"}],"about":[{"href":"http:\/\/www.heimatverein-suedlohn.de\/index.php\/wp-json\/wp\/v2\/types\/post"}],"author":[{"embeddable":true,"href":"http:\/\/www.heimatverein-suedlohn.de\/index.php\/wp-json\/wp\/v2\/users\/1"}],"replies":[{"embeddable":true,"href":"http:\/\/www.heimatverein-suedlohn.de\/index.php\/wp-json\/wp\/v2\/comments?post=4561"}],"version-history":[{"count":3,"href":"http:\/\/www.heimatverein-suedlohn.de\/index.php\/wp-json\/wp\/v2\/posts\/4561\/revisions"}],"predecessor-version":[{"id":4578,"href":"http:\/\/www.heimatverein-suedlohn.de\/index.php\/wp-json\/wp\/v2\/posts\/4561\/revisions\/4578"}],"wp:featuredmedia":[{"embeddable":true,"href":"http:\/\/www.heimatverein-suedlohn.de\/index.php\/wp-json\/wp\/v2\/media\/4565"}],"wp:attachment":[{"href":"http:\/\/www.heimatverein-suedlohn.de\/index.php\/wp-json\/wp\/v2\/media?parent=4561"}],"wp:term":[{"taxonomy":"category","embeddable":true,"href":"http:\/\/www.heimatverein-suedlohn.de\/index.php\/wp-json\/wp\/v2\/categories?post=4561"},{"taxonomy":"post_tag","embeddable":true,"href":"http:\/\/www.heimatverein-suedlohn.de\/index.php\/wp-json\/wp\/v2\/tags?post=4561"}],"curies":[{"name":"wp","href":"https:\/\/api.w.org\/{rel}","templated":true}]}}