{"id":2808,"date":"2017-04-05T17:08:31","date_gmt":"2017-04-05T15:08:31","guid":{"rendered":"http:\/\/www.heimatverein-suedlohn.de\/?p=2808"},"modified":"2018-03-29T13:02:47","modified_gmt":"2018-03-29T11:02:47","slug":"sparwel","status":"publish","type":"post","link":"http:\/\/www.heimatverein-suedlohn.de\/index.php\/2017\/04\/05\/sparwel\/","title":{"rendered":"Sparwel Heizung-Sanit\u00e4r-Elektro GmbH"},"content":{"rendered":"\n<style type=\"text\/css\" data-created_by=\"avia_inline_auto\" id=\"style-css-av-av_one_half-9497bbf8bff73ea4c6992cc17fa9ec36\">\n.flex_column.av-av_one_half-9497bbf8bff73ea4c6992cc17fa9ec36{\n-webkit-border-radius:0px 0px 0px 0px;\n-moz-border-radius:0px 0px 0px 0px;\nborder-radius:0px 0px 0px 0px;\npadding:0px 0px 0px 0px;\n}\n<\/style>\n<div class='flex_column av-av_one_half-9497bbf8bff73ea4c6992cc17fa9ec36 av_one_half  avia-builder-el-0  el_before_av_one_half  avia-builder-el-first  first flex_column_div av-zero-column-padding '     ><section  class='av_textblock_section av-av_textblock-0366cc7376be6c9e82a3e9cc8987b64f'  itemscope=\"itemscope\" itemtype=\"https:\/\/schema.org\/BlogPosting\" itemprop=\"blogPost\" ><div class='avia_textblock'  itemprop=\"text\" ><p><b>Sparwel Heizung-Sanit\u00e4r-Elektro GmbH<\/b><\/p>\n<p>Eichendorffstra\u00dfe 73<br \/>\n46354 S\u00fcdlohn<\/p>\n<p>Telefon: 02862 &#8211; 7116<br \/>\nTelefax: 02862 &#8211; 8465<\/p>\n<p>E-Mail: <a href=\"mailto:info@sparwel.de\">info@sparwel.de<\/a><br \/>\nInternet: <a href=\"http:\/\/www.sparwel.de\">http:\/\/www.sparwel.de<\/a><\/p>\n<\/div><\/section><\/div>\n\n<style type=\"text\/css\" data-created_by=\"avia_inline_auto\" id=\"style-css-av-av_one_half-9c1d454dc06f7247226bc4e8f931daae\">\n.flex_column.av-av_one_half-9c1d454dc06f7247226bc4e8f931daae{\n-webkit-border-radius:0px 0px 0px 0px;\n-moz-border-radius:0px 0px 0px 0px;\nborder-radius:0px 0px 0px 0px;\npadding:0px 0px 0px 0px;\n}\n<\/style>\n<div class='flex_column av-av_one_half-9c1d454dc06f7247226bc4e8f931daae av_one_half  avia-builder-el-2  el_after_av_one_half  el_before_av_one_full  flex_column_div av-zero-column-padding '     ><style type=\"text\/css\" data-created_by=\"avia_inline_auto\" id=\"style-css-av-av_image-ea6e7d386c798a362e0349807090bbcb\">\n.avia-image-container.av-av_image-ea6e7d386c798a362e0349807090bbcb img.avia_image{\nbox-shadow:none;\n}\n.avia-image-container.av-av_image-ea6e7d386c798a362e0349807090bbcb .av-image-caption-overlay-center{\ncolor:#ffffff;\n}\n<\/style>\n<div  class='avia-image-container av-av_image-ea6e7d386c798a362e0349807090bbcb av-styling- avia-align-center  avia-builder-el-3  avia-builder-el-no-sibling '   itemprop=\"image\" itemscope=\"itemscope\" itemtype=\"https:\/\/schema.org\/ImageObject\" ><div class=\"avia-image-container-inner\"><div class=\"avia-image-overlay-wrap\"><img decoding=\"async\" class='wp-image-2812 avia-img-lazy-loading-not-2812 avia_image ' src=\"http:\/\/www.heimatverein-suedlohn.de\/wp-content\/uploads\/2017\/04\/Sparwel-LOGO-300x101.jpg\" alt='' title='Sparwel-LOGO'  height=\"101\" width=\"300\"  itemprop=\"thumbnailUrl\" srcset=\"http:\/\/www.heimatverein-suedlohn.de\/wp-content\/uploads\/2017\/04\/Sparwel-LOGO-300x101.jpg 300w, http:\/\/www.heimatverein-suedlohn.de\/wp-content\/uploads\/2017\/04\/Sparwel-LOGO-495x169.jpg 495w, http:\/\/www.heimatverein-suedlohn.de\/wp-content\/uploads\/2017\/04\/Sparwel-LOGO-450x152.jpg 450w, http:\/\/www.heimatverein-suedlohn.de\/wp-content\/uploads\/2017\/04\/Sparwel-LOGO.jpg 500w\" sizes=\"(max-width: 300px) 100vw, 300px\" \/><\/div><\/div><\/div><\/div>\n\n<style type=\"text\/css\" data-created_by=\"avia_inline_auto\" id=\"style-css-av-av_one_full-9497bbf8bff73ea4c6992cc17fa9ec36\">\n.flex_column.av-av_one_full-9497bbf8bff73ea4c6992cc17fa9ec36{\n-webkit-border-radius:0px 0px 0px 0px;\n-moz-border-radius:0px 0px 0px 0px;\nborder-radius:0px 0px 0px 0px;\npadding:0px 0px 0px 0px;\n}\n<\/style>\n<div class='flex_column av-av_one_full-9497bbf8bff73ea4c6992cc17fa9ec36 av_one_full  avia-builder-el-4  el_after_av_one_half  el_before_av_textblock  first flex_column_div av-zero-column-padding column-top-margin'     ><p><section  class='av_textblock_section av-av_textblock-0366cc7376be6c9e82a3e9cc8987b64f'  itemscope=\"itemscope\" itemtype=\"https:\/\/schema.org\/BlogPosting\" itemprop=\"blogPost\" ><div class='avia_textblock'  itemprop=\"text\" ><p><b>Vom Kohlenkeller zum digitalgesteuerten Wohnkomfort per Knopfdruck<\/b><\/p>\n<p>Der \u00e4ltere Bewohner kann sich noch daran erinnern, wie in den Nachkriegsjahren die Versorgung der Wohnung mit W\u00e4rme bewirtschaftet wurde: Einmal im Jahr wurden Kohlen oder Briketts als Sch\u00fcttgut angeliefert und per Handarbeit in Schuppen oder Kellerr\u00e4umen gelagert. Die Zeiten haben sich grundlegend gewandelt. Das Unternehmen Sparwel hat alle Entwicklungsstufen der Heizungstechnik seit 1970 mitgestaltet. In diesem Jahr machte sich Ludwig Sparwel aus Ramsdorf und Hildegarde Sparwel geb. F\u00f6cking aus Holthausen mit einem Unternehmen f\u00fcr Heizungs- und Sanit\u00e4rbau selbstst\u00e4ndig.<\/p>\n<p>Gestartet wurde 1970 an der Ramsdorfer Stra\u00dfe 1 &#8211; in R\u00e4umlichkeiten der Molkerei &#8211; heute Getr\u00e4nke-Robers. Noch im gleichen Jahr erfolgte der Umzug zum heutigen Standort Eichendorffstra\u00dfe 73 in die neuerbaute Halle mit Wohnhaus. Seine Pr\u00fcfung zum Heizungs- und L\u00fcftungsbaumeister legte Ludwig Sparwel 1970 ab, im Jahre 1974 erfolgte die Bestellung zum Gas- und Wasserinstallationsmeister. Die Arbeitsbereiche umfassten alle Gewerke der Heizungs- und Sanit\u00e4rinstallationen. Die Fortschrittlichkeit des noch jungen Unternehmens zeigte sich mit der Er\u00f6ffnung einer Sanit\u00e4rausstellung im Jahre 1978, die im Wesentlichen von Hildegard Sparwel betreut wurde.<\/p>\n<p>Ein gro\u00dfer Einschnitt in die Firmengeschichte des Unternehmens fand am 3. Juli 1990 statt, als ein Gro\u00dfbrand Geb\u00e4ude und Einrichtungen bis auf die Grundmauern vernichtete. Unmittelbar danach erfolgte der Neubau der Werkshalle, des B\u00fcros und der Ausstellungsr\u00e4ume. Die Firma entwickelte sich weiter, der Arbeitsbereich Klimatechnik wurden eingegliedert. Mit der Entwicklung moderner Energietechniken wie Solar- und W\u00e4rmepumpentechnik ergaben sich weitere Gesch\u00e4ftsfelder, die bearbeitet werden.<\/p>\n<p>Anfang 1995 wurde die Verantwortung und Gesch\u00e4ftsf\u00fchrung f\u00fcr das Unternehmen in die H\u00e4nde von Ralf Sparwel gegeben, der als Heizungs- und L\u00fcftungsbaumeister sowie als Gas- und Wasserinstallationsmeister die Firma weiterentwickelt. 1998 tritt Olaf Sparwel als angestellter Elektromeister in das Unternehmen ein. Die Arbeitsbereiche wurden erweitert auf den gesamten Elektrobereich, von der Neubauinstallation bis zum Thema Photovoltaik.<\/p>\n<p>Das Unternehmen Sparwel erfuhr eine kontinuierlich laufende Weiterentwicklung. 1970 gestartet mit einem Grundst\u00fcck von 800 qm und einer Halle von 200 qm wurden \u00fcber 5.000 qm Betriebsfl\u00e4che mit \u00fcber 2.000 qm bebauter Fl\u00e4che mit Ausstellung, B\u00fcro und Betriebsr\u00e4umen. 25 Mitarbeiter k\u00fcmmern sich um alle Bereiche der Gesch\u00e4ftsfelder des Unternehmens.<\/p>\n<p>Der Unternehmensgr\u00fcnder Ludwig Sparwel genie\u00dft seit Ende 2014 seinen (Un)Ruhestand, seine Ehefrau Hildegard ist nach wie vor aktiv. Ralf Sparwel ist neben seiner Aufgabe als Gesch\u00e4ftsf\u00fchrer des Unternehmens seit 2011 ehrenamtlich t\u00e4tig als Obermeister der Sanit\u00e4r-Heizung-Klima-Innung Ahaus mit den Kernaufgaben der politischen Vertretung des Berufes sowie der Koordination der Lehrlingsausbildung und des Pr\u00fcfungswesens. Die Bezeichnung des Lehrberufes ist &#8222;Anlagenmechaniker Heizung &#8211; Sanit\u00e4r und Klimatechnik&#8220; und macht die Anspr\u00fcche an das Berufsbild deutlich.<\/p>\n<p>Die vielen Stammkunden der Firma Sparwel wissen, dass ein Gro\u00dfteil der Mitarbeiter ihre Ausbildung im Unternehmen gemacht haben und der Firma \u00fcber Jahrzehnte treu geblieben sind. Helmut Rennar z.B. ist bereits seit \u00fcber 45 Jahren bei der Firma Sparwel t\u00e4tig. Das ist der Beweis f\u00fcr Kontinuit\u00e4t und Weiterentwicklung gleicherma\u00dfen, darauf ist das Familienunternehmen mit Recht stolz. Die n\u00e4chste Generation steht schon in den Startl\u00f6chern: die Tochter Nina Sparwel absolviert eine Ausbildung als B\u00fcrokauffrau im Bereich Heizung \/ Sanit\u00e4r.<\/p>\n<p><b>\u00a9 &#8211; 2017 &#8211; heimatverein-suedlohn.de<\/b><\/p>\n<\/div><\/section><br \/>\n<div id='av-masonry-1' class='av-masonry av-av_masonry_gallery-edaad348151b762a59a3c64ac0908d4b noHover av-flex-size av-large-gap av-hover-overlay- av-masonry-animation-active av-masonry-col-2 av-caption-always av-caption-style- av-masonry-gallery '><div class=\"av-masonry-container isotope av-js-disabled\"><div class='av-masonry-entry isotope-item av-masonry-item-no-image '><\/div><a href=\"http:\/\/www.heimatverein-suedlohn.de\/wp-content\/uploads\/2017\/04\/solar-022.jpg\" data-srcset=\"http:\/\/www.heimatverein-suedlohn.de\/wp-content\/uploads\/2017\/04\/solar-022.jpg 1024w, http:\/\/www.heimatverein-suedlohn.de\/wp-content\/uploads\/2017\/04\/solar-022-300x199.jpg 300w, http:\/\/www.heimatverein-suedlohn.de\/wp-content\/uploads\/2017\/04\/solar-022-768x509.jpg 768w, http:\/\/www.heimatverein-suedlohn.de\/wp-content\/uploads\/2017\/04\/solar-022-705x467.jpg 705w, http:\/\/www.heimatverein-suedlohn.de\/wp-content\/uploads\/2017\/04\/solar-022-450x298.jpg 450w\" data-sizes=\"(max-width: 1024px) 100vw, 1024px\"  aria-label=\"Bild solar 022\"  id='av-masonry-1-item-2811' data-av-masonry-item='2811' class='av-masonry-entry isotope-item post-2811 attachment type-attachment status-inherit hentry  av-masonry-item-with-image' title=\"solar 022\" alt=\"\"    itemprop=\"thumbnailUrl\" ><div class='av-inner-masonry-sizer'><\/div><figure class='av-inner-masonry main_color'><div class=\"av-masonry-outerimage-container\"><div class='av-masonry-image-container'   ><img decoding=\"async\" width=\"705\" height=\"467\" class=\"wp-image-2811 avia-img-lazy-loading-not-2811\"  src=\"http:\/\/www.heimatverein-suedlohn.de\/wp-content\/uploads\/2017\/04\/solar-022-705x467.jpg\" title=\"solar 022\" alt=\"\" srcset=\"http:\/\/www.heimatverein-suedlohn.de\/wp-content\/uploads\/2017\/04\/solar-022-705x467.jpg 705w, http:\/\/www.heimatverein-suedlohn.de\/wp-content\/uploads\/2017\/04\/solar-022-300x199.jpg 300w, http:\/\/www.heimatverein-suedlohn.de\/wp-content\/uploads\/2017\/04\/solar-022-768x509.jpg 768w, http:\/\/www.heimatverein-suedlohn.de\/wp-content\/uploads\/2017\/04\/solar-022-450x298.jpg 450w, http:\/\/www.heimatverein-suedlohn.de\/wp-content\/uploads\/2017\/04\/solar-022.jpg 1024w\" sizes=\"(max-width: 705px) 100vw, 705px\" \/><\/div><\/div><figcaption class='av-inner-masonry-content site-background'><div class='av-inner-masonry-content-pos'><div class='av-inner-masonry-content-pos-content'><div class='avia-arrow'><\/div><div class='av-masonry-entry-content entry-content'  itemprop=\"text\" >Die Installation von Photovoltaikanlagen und Solaranlagen geh\u00f6ren seit Jahren zum Leistungsumfang.<\/div><\/div><\/div><\/figcaption><\/figure><\/a><!--end av-masonry entry--><a href=\"http:\/\/www.heimatverein-suedlohn.de\/wp-content\/uploads\/2017\/04\/DSCN0579.jpg\" data-srcset=\"http:\/\/www.heimatverein-suedlohn.de\/wp-content\/uploads\/2017\/04\/DSCN0579.jpg 1024w, http:\/\/www.heimatverein-suedlohn.de\/wp-content\/uploads\/2017\/04\/DSCN0579-300x225.jpg 300w, http:\/\/www.heimatverein-suedlohn.de\/wp-content\/uploads\/2017\/04\/DSCN0579-768x576.jpg 768w, http:\/\/www.heimatverein-suedlohn.de\/wp-content\/uploads\/2017\/04\/DSCN0579-705x529.jpg 705w, http:\/\/www.heimatverein-suedlohn.de\/wp-content\/uploads\/2017\/04\/DSCN0579-450x338.jpg 450w\" data-sizes=\"(max-width: 1024px) 100vw, 1024px\"  aria-label=\"Bild DSCN0579\"  id='av-masonry-1-item-2810' data-av-masonry-item='2810' class='av-masonry-entry isotope-item post-2810 attachment type-attachment status-inherit hentry  av-masonry-item-with-image' title=\"DSCN0579\" alt=\"\"    itemprop=\"thumbnailUrl\" ><div class='av-inner-masonry-sizer'><\/div><figure class='av-inner-masonry main_color'><div class=\"av-masonry-outerimage-container\"><div class='av-masonry-image-container'   ><img decoding=\"async\" width=\"705\" height=\"529\" class=\"wp-image-2810 avia-img-lazy-loading-not-2810\"  src=\"http:\/\/www.heimatverein-suedlohn.de\/wp-content\/uploads\/2017\/04\/DSCN0579-705x529.jpg\" title=\"DSCN0579\" alt=\"\" srcset=\"http:\/\/www.heimatverein-suedlohn.de\/wp-content\/uploads\/2017\/04\/DSCN0579-705x529.jpg 705w, http:\/\/www.heimatverein-suedlohn.de\/wp-content\/uploads\/2017\/04\/DSCN0579-300x225.jpg 300w, http:\/\/www.heimatverein-suedlohn.de\/wp-content\/uploads\/2017\/04\/DSCN0579-768x576.jpg 768w, http:\/\/www.heimatverein-suedlohn.de\/wp-content\/uploads\/2017\/04\/DSCN0579-450x338.jpg 450w, http:\/\/www.heimatverein-suedlohn.de\/wp-content\/uploads\/2017\/04\/DSCN0579.jpg 1024w\" sizes=\"(max-width: 705px) 100vw, 705px\" \/><\/div><\/div><figcaption class='av-inner-masonry-content site-background'><div class='av-inner-masonry-content-pos'><div class='av-inner-masonry-content-pos-content'><div class='avia-arrow'><\/div><div class='av-masonry-entry-content entry-content'  itemprop=\"text\" >Eingangsbereich zur Sanit\u00e4rausstellung.<\/div><\/div><\/div><\/figcaption><\/figure><\/a><!--end av-masonry entry--><a href=\"http:\/\/www.heimatverein-suedlohn.de\/wp-content\/uploads\/2017\/04\/DSCN0572.jpg\" data-srcset=\"http:\/\/www.heimatverein-suedlohn.de\/wp-content\/uploads\/2017\/04\/DSCN0572.jpg 1024w, http:\/\/www.heimatverein-suedlohn.de\/wp-content\/uploads\/2017\/04\/DSCN0572-300x225.jpg 300w, http:\/\/www.heimatverein-suedlohn.de\/wp-content\/uploads\/2017\/04\/DSCN0572-768x576.jpg 768w, http:\/\/www.heimatverein-suedlohn.de\/wp-content\/uploads\/2017\/04\/DSCN0572-705x529.jpg 705w, http:\/\/www.heimatverein-suedlohn.de\/wp-content\/uploads\/2017\/04\/DSCN0572-450x338.jpg 450w\" data-sizes=\"(max-width: 1024px) 100vw, 1024px\"  aria-label=\"Bild DSCN0572\"  id='av-masonry-1-item-2809' data-av-masonry-item='2809' class='av-masonry-entry isotope-item post-2809 attachment type-attachment status-inherit hentry  av-masonry-item-with-image' title=\"DSCN0572\" alt=\"\"    itemprop=\"thumbnailUrl\" ><div class='av-inner-masonry-sizer'><\/div><figure class='av-inner-masonry main_color'><div class=\"av-masonry-outerimage-container\"><div class='av-masonry-image-container'   ><img decoding=\"async\" width=\"705\" height=\"529\" class=\"wp-image-2809 avia-img-lazy-loading-not-2809\"  src=\"http:\/\/www.heimatverein-suedlohn.de\/wp-content\/uploads\/2017\/04\/DSCN0572-705x529.jpg\" title=\"DSCN0572\" alt=\"\" srcset=\"http:\/\/www.heimatverein-suedlohn.de\/wp-content\/uploads\/2017\/04\/DSCN0572-705x529.jpg 705w, http:\/\/www.heimatverein-suedlohn.de\/wp-content\/uploads\/2017\/04\/DSCN0572-300x225.jpg 300w, http:\/\/www.heimatverein-suedlohn.de\/wp-content\/uploads\/2017\/04\/DSCN0572-768x576.jpg 768w, http:\/\/www.heimatverein-suedlohn.de\/wp-content\/uploads\/2017\/04\/DSCN0572-450x338.jpg 450w, http:\/\/www.heimatverein-suedlohn.de\/wp-content\/uploads\/2017\/04\/DSCN0572.jpg 1024w\" sizes=\"(max-width: 705px) 100vw, 705px\" \/><\/div><\/div><figcaption class='av-inner-masonry-content site-background'><div class='av-inner-masonry-content-pos'><div class='av-inner-masonry-content-pos-content'><div class='avia-arrow'><\/div><div class='av-masonry-entry-content entry-content'  itemprop=\"text\" >Moderne B\u00e4der erh\u00f6hen den Wohnkomfort.<\/div><\/div><\/div><\/figcaption><\/figure><\/a><!--end av-masonry entry--><\/div><\/div><\/p><\/div>\n<section  class='av_textblock_section av-av_textblock-2de302bf1aa3cf4c9157dbe6f50ac7eb'  itemscope=\"itemscope\" itemtype=\"https:\/\/schema.org\/BlogPosting\" itemprop=\"blogPost\" ><div class='avia_textblock'  itemprop=\"text\" ><p><strong><span class=\"st\">\u00a9<\/span> 2018 &#8211; heimatverein-suedlohn.de<\/strong><\/p>\n<p>Der Inhalt dieser Seiten unterliegt dem urheberrechtlichen Schutz. Bitte beachten Sie die Hinweise im Vorwort des Verfassers.<\/p>\n<\/div><\/section>\n","protected":false},"excerpt":{"rendered":"","protected":false},"author":1,"featured_media":2811,"comment_status":"closed","ping_status":"open","sticky":false,"template":"","format":"standard","meta":{"footnotes":""},"categories":[16,26],"tags":[124],"class_list":["post-2808","post","type-post","status-publish","format-standard","has-post-thumbnail","hentry","category-gesamtuebersicht-nach-alphabet","category-handel-handwerk-gewerbe-und-industrie","tag-sparwel-gmbh"],"_links":{"self":[{"href":"http:\/\/www.heimatverein-suedlohn.de\/index.php\/wp-json\/wp\/v2\/posts\/2808","targetHints":{"allow":["GET"]}}],"collection":[{"href":"http:\/\/www.heimatverein-suedlohn.de\/index.php\/wp-json\/wp\/v2\/posts"}],"about":[{"href":"http:\/\/www.heimatverein-suedlohn.de\/index.php\/wp-json\/wp\/v2\/types\/post"}],"author":[{"embeddable":true,"href":"http:\/\/www.heimatverein-suedlohn.de\/index.php\/wp-json\/wp\/v2\/users\/1"}],"replies":[{"embeddable":true,"href":"http:\/\/www.heimatverein-suedlohn.de\/index.php\/wp-json\/wp\/v2\/comments?post=2808"}],"version-history":[{"count":5,"href":"http:\/\/www.heimatverein-suedlohn.de\/index.php\/wp-json\/wp\/v2\/posts\/2808\/revisions"}],"predecessor-version":[{"id":2823,"href":"http:\/\/www.heimatverein-suedlohn.de\/index.php\/wp-json\/wp\/v2\/posts\/2808\/revisions\/2823"}],"wp:featuredmedia":[{"embeddable":true,"href":"http:\/\/www.heimatverein-suedlohn.de\/index.php\/wp-json\/wp\/v2\/media\/2811"}],"wp:attachment":[{"href":"http:\/\/www.heimatverein-suedlohn.de\/index.php\/wp-json\/wp\/v2\/media?parent=2808"}],"wp:term":[{"taxonomy":"category","embeddable":true,"href":"http:\/\/www.heimatverein-suedlohn.de\/index.php\/wp-json\/wp\/v2\/categories?post=2808"},{"taxonomy":"post_tag","embeddable":true,"href":"http:\/\/www.heimatverein-suedlohn.de\/index.php\/wp-json\/wp\/v2\/tags?post=2808"}],"curies":[{"name":"wp","href":"https:\/\/api.w.org\/{rel}","templated":true}]}}