{"id":2709,"date":"2017-03-15T09:54:51","date_gmt":"2017-03-15T08:54:51","guid":{"rendered":"http:\/\/www.heimatverein-suedlohn.de\/?p=2709"},"modified":"2018-03-29T12:09:56","modified_gmt":"2018-03-29T10:09:56","slug":"bluetentraeume-rexing","status":"publish","type":"post","link":"http:\/\/www.heimatverein-suedlohn.de\/index.php\/2017\/03\/15\/bluetentraeume-rexing\/","title":{"rendered":"Bl\u00fctentr\u00e4ume Rexing"},"content":{"rendered":"\n<style type=\"text\/css\" data-created_by=\"avia_inline_auto\" id=\"style-css-av-av_one_half-9497bbf8bff73ea4c6992cc17fa9ec36\">\n.flex_column.av-av_one_half-9497bbf8bff73ea4c6992cc17fa9ec36{\n-webkit-border-radius:0px 0px 0px 0px;\n-moz-border-radius:0px 0px 0px 0px;\nborder-radius:0px 0px 0px 0px;\npadding:0px 0px 0px 0px;\n}\n<\/style>\n<div class='flex_column av-av_one_half-9497bbf8bff73ea4c6992cc17fa9ec36 av_one_half  avia-builder-el-0  el_before_av_one_half  avia-builder-el-first  first flex_column_div av-zero-column-padding '     ><section  class='av_textblock_section av-av_textblock-0366cc7376be6c9e82a3e9cc8987b64f'  itemscope=\"itemscope\" itemtype=\"https:\/\/schema.org\/BlogPosting\" itemprop=\"blogPost\" ><div class='avia_textblock'  itemprop=\"text\" ><p><b>Bl\u00fctentr\u00e4ume<\/b><\/p>\n<p>Anne Rexing, Inh. Thomas Rexing<br \/>\nElpidiusstra\u00dfe 37<br \/>\n46354 S\u00fcdlohn<\/p>\n<p>Telefon: 0152 &#8211; 51 87 56 33<\/p>\n<p>E-Mail: <a href=\"mailto:bluetentraeume-annerexing@web.de\">bluetentraeume-annerexing@web.de<\/a><br \/>\nInternet: <a href=\"http:\/\/bl\u00fctentr\u00e4ume-s\u00fcdlohn.de\/\">bluetentraeume-suedlohn.de<\/a><\/p>\n<\/div><\/section><\/div>\n\n<style type=\"text\/css\" data-created_by=\"avia_inline_auto\" id=\"style-css-av-av_one_half-9c1d454dc06f7247226bc4e8f931daae\">\n.flex_column.av-av_one_half-9c1d454dc06f7247226bc4e8f931daae{\n-webkit-border-radius:0px 0px 0px 0px;\n-moz-border-radius:0px 0px 0px 0px;\nborder-radius:0px 0px 0px 0px;\npadding:0px 0px 0px 0px;\n}\n<\/style>\n<div class='flex_column av-av_one_half-9c1d454dc06f7247226bc4e8f931daae av_one_half  avia-builder-el-2  el_after_av_one_half  el_before_av_one_full  flex_column_div av-zero-column-padding '     ><style type=\"text\/css\" data-created_by=\"avia_inline_auto\" id=\"style-css-av-av_image-1e965f748e1f99d0c8d99f40aa7b6847\">\n.avia-image-container.av-av_image-1e965f748e1f99d0c8d99f40aa7b6847 img.avia_image{\nbox-shadow:none;\n}\n.avia-image-container.av-av_image-1e965f748e1f99d0c8d99f40aa7b6847 .av-image-caption-overlay-center{\ncolor:#ffffff;\n}\n<\/style>\n<div  class='avia-image-container av-av_image-1e965f748e1f99d0c8d99f40aa7b6847 av-styling- avia-align-center  avia-builder-el-3  avia-builder-el-no-sibling '   itemprop=\"image\" itemscope=\"itemscope\" itemtype=\"https:\/\/schema.org\/ImageObject\" ><div class=\"avia-image-container-inner\"><div class=\"avia-image-overlay-wrap\"><img decoding=\"async\" class='wp-image-2714 avia-img-lazy-loading-not-2714 avia_image ' src=\"http:\/\/www.heimatverein-suedlohn.de\/wp-content\/uploads\/2017\/03\/bluetentraeume_logo-300x90.png\" alt='' title='bluetentraeume_logo'  height=\"90\" width=\"300\"  itemprop=\"thumbnailUrl\" srcset=\"http:\/\/www.heimatverein-suedlohn.de\/wp-content\/uploads\/2017\/03\/bluetentraeume_logo-300x90.png 300w, http:\/\/www.heimatverein-suedlohn.de\/wp-content\/uploads\/2017\/03\/bluetentraeume_logo-768x230.png 768w, http:\/\/www.heimatverein-suedlohn.de\/wp-content\/uploads\/2017\/03\/bluetentraeume_logo-705x211.png 705w, http:\/\/www.heimatverein-suedlohn.de\/wp-content\/uploads\/2017\/03\/bluetentraeume_logo-450x135.png 450w, http:\/\/www.heimatverein-suedlohn.de\/wp-content\/uploads\/2017\/03\/bluetentraeume_logo.png 939w\" sizes=\"(max-width: 300px) 100vw, 300px\" \/><\/div><\/div><\/div><\/div>\n\n<style type=\"text\/css\" data-created_by=\"avia_inline_auto\" id=\"style-css-av-av_one_full-9497bbf8bff73ea4c6992cc17fa9ec36\">\n.flex_column.av-av_one_full-9497bbf8bff73ea4c6992cc17fa9ec36{\n-webkit-border-radius:0px 0px 0px 0px;\n-moz-border-radius:0px 0px 0px 0px;\nborder-radius:0px 0px 0px 0px;\npadding:0px 0px 0px 0px;\n}\n<\/style>\n<div class='flex_column av-av_one_full-9497bbf8bff73ea4c6992cc17fa9ec36 av_one_full  avia-builder-el-4  el_after_av_one_half  el_before_av_textblock  first flex_column_div av-zero-column-padding column-top-margin'     ><p><section  class='av_textblock_section av-av_textblock-2de302bf1aa3cf4c9157dbe6f50ac7eb'  itemscope=\"itemscope\" itemtype=\"https:\/\/schema.org\/BlogPosting\" itemprop=\"blogPost\" ><div class='avia_textblock'  itemprop=\"text\" ><p><b>Floristik mit alter Tradition<\/b><\/p>\n<div id=\"attachment_2716\" style=\"width: 310px\" class=\"wp-caption alignleft\"><a href=\"http:\/\/www.heimatverein-suedlohn.de\/wp-content\/uploads\/2017\/03\/brautstrauss465.jpeg\"><img decoding=\"async\" aria-describedby=\"caption-attachment-2716\" class=\"size-medium wp-image-2716\" src=\"http:\/\/www.heimatverein-suedlohn.de\/wp-content\/uploads\/2017\/03\/brautstrauss465-300x250.jpeg\" alt=\"Vielfalt in Form und Farben: Bl\u00fctentr\u00e4ume Rexing hat f\u00fcr jeden Anlass die passende Blumendeko\" width=\"300\" height=\"250\" srcset=\"http:\/\/www.heimatverein-suedlohn.de\/wp-content\/uploads\/2017\/03\/brautstrauss465-300x250.jpeg 300w, http:\/\/www.heimatverein-suedlohn.de\/wp-content\/uploads\/2017\/03\/brautstrauss465-768x641.jpeg 768w, http:\/\/www.heimatverein-suedlohn.de\/wp-content\/uploads\/2017\/03\/brautstrauss465-705x588.jpeg 705w, http:\/\/www.heimatverein-suedlohn.de\/wp-content\/uploads\/2017\/03\/brautstrauss465-450x375.jpeg 450w, http:\/\/www.heimatverein-suedlohn.de\/wp-content\/uploads\/2017\/03\/brautstrauss465.jpeg 839w\" sizes=\"(max-width: 300px) 100vw, 300px\" \/><\/a><p id=\"caption-attachment-2716\" class=\"wp-caption-text\">Vielfalt in Form und Farben: Bl\u00fctentr\u00e4ume Rexing hat f\u00fcr jeden Anlass die passende Blumendeko<\/p><\/div>\n<p>Im europ\u00e4ischen Kulturkreis ist die Blumenbinderei eine jahrhundertealte Tradition. Heute wird die Blumenbinderei als &#8222;Floristik&#8220; bezeichnet. Florist \/ Floristin ist in den deutschsprachigen L\u00e4ndern ein anerkannter dreij\u00e4hriger Ausbildungsberuf. Im europ\u00e4ischen Kulturkreis ist es \u00fcblich, zu den verschiedensten Anl\u00e4ssen Blumen zu verschenken oder Feierlichkeiten jeder Art floral zu dekorieren.<\/p>\n<p>Ihre Ausbildung zur Floristin begann Anne Rexing im Jahre 2002. Bis Ende 2011 arbeitete sie als Floristin in verschiedenen Blumengesch\u00e4ften und konnte ihr K\u00f6nnen und ihre Begabung unter Beweis stellen. Nach einer zweij\u00e4hrigen Kinderpause wurde der Entschluss zur Selbstst\u00e4ndigkeit gefasst. Zusammen mit ihrem Mann Thomas Rexing wurde die Floristik &#8222;Bl\u00fctentr\u00e4ume&#8220; Anfang 2013 verwirklicht. Seit dieser Zeit wurden viele Dekorationen und floristische Kreationen zur Freude vieler Kunden angefertigt. Anne Rexing betreibt seit 2013 im Edeka-Markt an der Bahnhofstra\u00dfe eine kleine dekorative Verkaufsfl\u00e4che, die immer liebevoll der Jahreszeit entsprechend dekoriert wird. Neben dekorativen Kleinigkeiten werden Schnittblumen, Topfpflanzen, Blumen und Gestecke angeboten.<\/p>\n<p>Anne Rexing fertigt f\u00fcr alle Anl\u00e4sse Blumengebinde und Blumenschmuck. Hochzeitsfloristik ist geradezu ein Muss f\u00fcr eine gelungene Hochzeitsfeier. Brautstr\u00e4u\u00dfe f\u00fcr die Braut und Anstecker f\u00fcr den Br\u00e4utigamm sind Bestandteil jeder Hochzeitsfeier. Auch Autoschmuck geh\u00f6rt dazu und Tischdekorationen geben dem festlichen Rahmen eine besondere Note. Ebenso sind Kirchenschmuck und Kerzenschmuck je nach Wunsch des Brautpaares eine Bereicherung.<\/p>\n<p>Taufe, Kommunion und Konfirmation sind f\u00fcr Kinder, den Eltern und Paten besondere Ereignisse, entsprechende florale Dekorationen unterstreichen den pers\u00f6nlichen Charakter.<\/p>\n<p>Trauerschmuck ist Bestandteil einer w\u00fcrdigen Verabschiedung. Pers\u00f6nlich gestaltete Trauerkr\u00e4nze, Trauerschalen und Sarg- oder Urnenschmuck werden nach individueller Beratung angefertigt.<\/p>\n<p>Adventsausstellungen und Festzeltausschm\u00fcckungen geh\u00f6ren ebenso zum Leistungsumfang wie die Ausstattung von R\u00e4umen im Privatbereich. Terrassen- und Gartendekorationen werten auch R\u00e4ume im Au\u00dfenbereich auf und zeugen vom &#8222;Geschmack des Besonderen&#8220; &#8211; angefertigt von Anne Rexing.<\/p>\n<p><b>\u00a9 2017 &#8211; heimatverein-suedlohn.de<\/b><\/p>\n<\/div><\/section><br \/>\n<div id='av-masonry-1' class='av-masonry av-av_masonry_gallery-199df521090d40624f5eb74f849e6c82 noHover av-flex-size av-large-gap av-hover-overlay- av-masonry-animation-active av-masonry-col-2 av-caption-always av-caption-style- av-masonry-gallery '><div class=\"av-masonry-container isotope av-js-disabled\"><div class='av-masonry-entry isotope-item av-masonry-item-no-image '><\/div><a href=\"http:\/\/www.heimatverein-suedlohn.de\/wp-content\/uploads\/2017\/03\/tischdekoration587.jpeg\" data-srcset=\"http:\/\/www.heimatverein-suedlohn.de\/wp-content\/uploads\/2017\/03\/tischdekoration587.jpeg 847w, http:\/\/www.heimatverein-suedlohn.de\/wp-content\/uploads\/2017\/03\/tischdekoration587-300x248.jpeg 300w, http:\/\/www.heimatverein-suedlohn.de\/wp-content\/uploads\/2017\/03\/tischdekoration587-768x635.jpeg 768w, http:\/\/www.heimatverein-suedlohn.de\/wp-content\/uploads\/2017\/03\/tischdekoration587-705x583.jpeg 705w, http:\/\/www.heimatverein-suedlohn.de\/wp-content\/uploads\/2017\/03\/tischdekoration587-450x372.jpeg 450w\" data-sizes=\"(max-width: 847px) 100vw, 847px\"  aria-label=\"Bild tischdekoration587\"  id='av-masonry-1-item-2728' data-av-masonry-item='2728' class='av-masonry-entry isotope-item post-2728 attachment type-attachment status-inherit hentry  av-masonry-item-with-image' title=\"tischdekoration587\" alt=\"\"    itemprop=\"thumbnailUrl\" ><div class='av-inner-masonry-sizer'><\/div><figure class='av-inner-masonry main_color'><div class=\"av-masonry-outerimage-container\"><div class='av-masonry-image-container'   ><img decoding=\"async\" width=\"705\" height=\"583\" class=\"wp-image-2728 avia-img-lazy-loading-not-2728\"  src=\"http:\/\/www.heimatverein-suedlohn.de\/wp-content\/uploads\/2017\/03\/tischdekoration587-705x583.jpeg\" title=\"tischdekoration587\" alt=\"\" srcset=\"http:\/\/www.heimatverein-suedlohn.de\/wp-content\/uploads\/2017\/03\/tischdekoration587-705x583.jpeg 705w, http:\/\/www.heimatverein-suedlohn.de\/wp-content\/uploads\/2017\/03\/tischdekoration587-300x248.jpeg 300w, http:\/\/www.heimatverein-suedlohn.de\/wp-content\/uploads\/2017\/03\/tischdekoration587-768x635.jpeg 768w, http:\/\/www.heimatverein-suedlohn.de\/wp-content\/uploads\/2017\/03\/tischdekoration587-450x372.jpeg 450w, http:\/\/www.heimatverein-suedlohn.de\/wp-content\/uploads\/2017\/03\/tischdekoration587.jpeg 847w\" sizes=\"(max-width: 705px) 100vw, 705px\" \/><\/div><\/div><figcaption class='av-inner-masonry-content site-background'><div class='av-inner-masonry-content-pos'><div class='av-inner-masonry-content-pos-content'><div class='avia-arrow'><\/div><div class='av-masonry-entry-content entry-content'  itemprop=\"text\" >Verkaufsfl\u00e4che im Edeka-Markt.<\/div><\/div><\/div><\/figcaption><\/figure><\/a><!--end av-masonry entry--><a href=\"http:\/\/www.heimatverein-suedlohn.de\/wp-content\/uploads\/2017\/03\/kirchendekoration514.jpeg\" data-srcset=\"http:\/\/www.heimatverein-suedlohn.de\/wp-content\/uploads\/2017\/03\/kirchendekoration514.jpeg 494w, http:\/\/www.heimatverein-suedlohn.de\/wp-content\/uploads\/2017\/03\/kirchendekoration514-212x300.jpeg 212w, http:\/\/www.heimatverein-suedlohn.de\/wp-content\/uploads\/2017\/03\/kirchendekoration514-450x638.jpeg 450w\" data-sizes=\"(max-width: 494px) 100vw, 494px\"  aria-label=\"Bild kirchendekoration514\"  id='av-masonry-1-item-2725' data-av-masonry-item='2725' class='av-masonry-entry isotope-item post-2725 attachment type-attachment status-inherit hentry  av-masonry-item-with-image' title=\"kirchendekoration514\" alt=\"\"    itemprop=\"thumbnailUrl\" ><div class='av-inner-masonry-sizer'><\/div><figure class='av-inner-masonry main_color'><div class=\"av-masonry-outerimage-container\"><div class='av-masonry-image-container'   ><img decoding=\"async\" width=\"494\" height=\"700\" class=\"wp-image-2725 avia-img-lazy-loading-not-2725\"  src=\"http:\/\/www.heimatverein-suedlohn.de\/wp-content\/uploads\/2017\/03\/kirchendekoration514.jpeg\" title=\"kirchendekoration514\" alt=\"\" srcset=\"http:\/\/www.heimatverein-suedlohn.de\/wp-content\/uploads\/2017\/03\/kirchendekoration514.jpeg 494w, http:\/\/www.heimatverein-suedlohn.de\/wp-content\/uploads\/2017\/03\/kirchendekoration514-212x300.jpeg 212w, http:\/\/www.heimatverein-suedlohn.de\/wp-content\/uploads\/2017\/03\/kirchendekoration514-450x638.jpeg 450w\" sizes=\"(max-width: 494px) 100vw, 494px\" \/><\/div><\/div><figcaption class='av-inner-masonry-content site-background'><div class='av-inner-masonry-content-pos'><div class='av-inner-masonry-content-pos-content'><div class='avia-arrow'><\/div><div class='av-masonry-entry-content entry-content'  itemprop=\"text\" >Verkaufsfl\u00e4che im Edeka-Markt.<\/div><\/div><\/div><\/figcaption><\/figure><\/a><!--end av-masonry entry--><a href=\"http:\/\/www.heimatverein-suedlohn.de\/wp-content\/uploads\/2017\/03\/edeka_suedlohn199-1030x580-1030x580.jpeg\" data-srcset=\"http:\/\/www.heimatverein-suedlohn.de\/wp-content\/uploads\/2017\/03\/edeka_suedlohn199-1030x580.jpeg 1030w, http:\/\/www.heimatverein-suedlohn.de\/wp-content\/uploads\/2017\/03\/edeka_suedlohn199-1030x580-300x169.jpeg 300w, http:\/\/www.heimatverein-suedlohn.de\/wp-content\/uploads\/2017\/03\/edeka_suedlohn199-1030x580-768x432.jpeg 768w, http:\/\/www.heimatverein-suedlohn.de\/wp-content\/uploads\/2017\/03\/edeka_suedlohn199-1030x580-705x397.jpeg 705w, http:\/\/www.heimatverein-suedlohn.de\/wp-content\/uploads\/2017\/03\/edeka_suedlohn199-1030x580-450x253.jpeg 450w\" data-sizes=\"(max-width: 1030px) 100vw, 1030px\"  aria-label=\"Bild edeka_suedlohn199-1030&#215;580\"  id='av-masonry-1-item-2718' data-av-masonry-item='2718' class='av-masonry-entry isotope-item post-2718 attachment type-attachment status-inherit hentry  av-masonry-item-with-image' title=\"edeka_suedlohn199-1030&#215;580\" alt=\"\"    itemprop=\"thumbnailUrl\" ><div class='av-inner-masonry-sizer'><\/div><figure class='av-inner-masonry main_color'><div class=\"av-masonry-outerimage-container\"><div class='av-masonry-image-container'   ><img decoding=\"async\" width=\"705\" height=\"397\" class=\"wp-image-2718 avia-img-lazy-loading-not-2718\"  src=\"http:\/\/www.heimatverein-suedlohn.de\/wp-content\/uploads\/2017\/03\/edeka_suedlohn199-1030x580-705x397.jpeg\" title=\"edeka_suedlohn199-1030&#215;580\" alt=\"\" srcset=\"http:\/\/www.heimatverein-suedlohn.de\/wp-content\/uploads\/2017\/03\/edeka_suedlohn199-1030x580-705x397.jpeg 705w, http:\/\/www.heimatverein-suedlohn.de\/wp-content\/uploads\/2017\/03\/edeka_suedlohn199-1030x580-300x169.jpeg 300w, http:\/\/www.heimatverein-suedlohn.de\/wp-content\/uploads\/2017\/03\/edeka_suedlohn199-1030x580-768x432.jpeg 768w, http:\/\/www.heimatverein-suedlohn.de\/wp-content\/uploads\/2017\/03\/edeka_suedlohn199-1030x580.jpeg 1030w, http:\/\/www.heimatverein-suedlohn.de\/wp-content\/uploads\/2017\/03\/edeka_suedlohn199-1030x580-450x253.jpeg 450w\" sizes=\"(max-width: 705px) 100vw, 705px\" \/><\/div><\/div><figcaption class='av-inner-masonry-content site-background'><div class='av-inner-masonry-content-pos'><div class='av-inner-masonry-content-pos-content'><div class='avia-arrow'><\/div><div class='av-masonry-entry-content entry-content'  itemprop=\"text\" >Verkaufsfl\u00e4che im Edeka-Markt.<\/div><\/div><\/div><\/figcaption><\/figure><\/a><!--end av-masonry entry--><a href=\"http:\/\/www.heimatverein-suedlohn.de\/wp-content\/uploads\/2017\/03\/edeka_suedlohn222.jpeg\" data-srcset=\"http:\/\/www.heimatverein-suedlohn.de\/wp-content\/uploads\/2017\/03\/edeka_suedlohn222.jpeg 394w, http:\/\/www.heimatverein-suedlohn.de\/wp-content\/uploads\/2017\/03\/edeka_suedlohn222-169x300.jpeg 169w\" data-sizes=\"(max-width: 394px) 100vw, 394px\"  aria-label=\"Bild edeka_suedlohn222\"  id='av-masonry-1-item-2719' data-av-masonry-item='2719' class='av-masonry-entry isotope-item post-2719 attachment type-attachment status-inherit hentry  av-masonry-item-with-image' title=\"edeka_suedlohn222\" alt=\"\"    itemprop=\"thumbnailUrl\" ><div class='av-inner-masonry-sizer'><\/div><figure class='av-inner-masonry main_color'><div class=\"av-masonry-outerimage-container\"><div class='av-masonry-image-container'   ><img decoding=\"async\" width=\"394\" height=\"700\" class=\"wp-image-2719 avia-img-lazy-loading-not-2719\"  src=\"http:\/\/www.heimatverein-suedlohn.de\/wp-content\/uploads\/2017\/03\/edeka_suedlohn222.jpeg\" title=\"edeka_suedlohn222\" alt=\"\" srcset=\"http:\/\/www.heimatverein-suedlohn.de\/wp-content\/uploads\/2017\/03\/edeka_suedlohn222.jpeg 394w, http:\/\/www.heimatverein-suedlohn.de\/wp-content\/uploads\/2017\/03\/edeka_suedlohn222-169x300.jpeg 169w\" sizes=\"(max-width: 394px) 100vw, 394px\" \/><\/div><\/div><figcaption class='av-inner-masonry-content site-background'><div class='av-inner-masonry-content-pos'><div class='av-inner-masonry-content-pos-content'><div class='avia-arrow'><\/div><div class='av-masonry-entry-content entry-content'  itemprop=\"text\" >Verkaufsfl\u00e4che im Edeka-Markt.<\/div><\/div><\/div><\/figcaption><\/figure><\/a><!--end av-masonry entry--><a href=\"http:\/\/www.heimatverein-suedlohn.de\/wp-content\/uploads\/2017\/03\/edeka_suedlohn259.jpeg\" data-srcset=\"http:\/\/www.heimatverein-suedlohn.de\/wp-content\/uploads\/2017\/03\/edeka_suedlohn259.jpeg 394w, http:\/\/www.heimatverein-suedlohn.de\/wp-content\/uploads\/2017\/03\/edeka_suedlohn259-169x300.jpeg 169w\" data-sizes=\"(max-width: 394px) 100vw, 394px\"  aria-label=\"Bild edeka_suedlohn259\"  id='av-masonry-1-item-2720' data-av-masonry-item='2720' class='av-masonry-entry isotope-item post-2720 attachment type-attachment status-inherit hentry  av-masonry-item-with-image' title=\"edeka_suedlohn259\" alt=\"\"    itemprop=\"thumbnailUrl\" ><div class='av-inner-masonry-sizer'><\/div><figure class='av-inner-masonry main_color'><div class=\"av-masonry-outerimage-container\"><div class='av-masonry-image-container'   ><img decoding=\"async\" width=\"394\" height=\"700\" class=\"wp-image-2720 avia-img-lazy-loading-not-2720\"  src=\"http:\/\/www.heimatverein-suedlohn.de\/wp-content\/uploads\/2017\/03\/edeka_suedlohn259.jpeg\" title=\"edeka_suedlohn259\" alt=\"\" srcset=\"http:\/\/www.heimatverein-suedlohn.de\/wp-content\/uploads\/2017\/03\/edeka_suedlohn259.jpeg 394w, http:\/\/www.heimatverein-suedlohn.de\/wp-content\/uploads\/2017\/03\/edeka_suedlohn259-169x300.jpeg 169w\" sizes=\"(max-width: 394px) 100vw, 394px\" \/><\/div><\/div><figcaption class='av-inner-masonry-content site-background'><div class='av-inner-masonry-content-pos'><div class='av-inner-masonry-content-pos-content'><div class='avia-arrow'><\/div><div class='av-masonry-entry-content entry-content'  itemprop=\"text\" >Verkaufsfl\u00e4che im Edeka-Markt.<\/div><\/div><\/div><\/figcaption><\/figure><\/a><!--end av-masonry entry--><a href=\"http:\/\/www.heimatverein-suedlohn.de\/wp-content\/uploads\/2017\/03\/hochzeitsfloristik539-1030x687-1030x687.jpeg\" data-srcset=\"http:\/\/www.heimatverein-suedlohn.de\/wp-content\/uploads\/2017\/03\/hochzeitsfloristik539-1030x687.jpeg 1030w, http:\/\/www.heimatverein-suedlohn.de\/wp-content\/uploads\/2017\/03\/hochzeitsfloristik539-1030x687-300x200.jpeg 300w, http:\/\/www.heimatverein-suedlohn.de\/wp-content\/uploads\/2017\/03\/hochzeitsfloristik539-1030x687-768x512.jpeg 768w, http:\/\/www.heimatverein-suedlohn.de\/wp-content\/uploads\/2017\/03\/hochzeitsfloristik539-1030x687-705x470.jpeg 705w, http:\/\/www.heimatverein-suedlohn.de\/wp-content\/uploads\/2017\/03\/hochzeitsfloristik539-1030x687-450x300.jpeg 450w\" data-sizes=\"(max-width: 1030px) 100vw, 1030px\"  aria-label=\"Bild hochzeitsfloristik539-1030&#215;687\"  id='av-masonry-1-item-2722' data-av-masonry-item='2722' class='av-masonry-entry isotope-item post-2722 attachment type-attachment status-inherit hentry  av-masonry-item-with-image' title=\"hochzeitsfloristik539-1030&#215;687\" alt=\"\"    itemprop=\"thumbnailUrl\" ><div class='av-inner-masonry-sizer'><\/div><figure class='av-inner-masonry main_color'><div class=\"av-masonry-outerimage-container\"><div class='av-masonry-image-container'   ><img decoding=\"async\" width=\"705\" height=\"470\" class=\"wp-image-2722 avia-img-lazy-loading-not-2722\"  src=\"http:\/\/www.heimatverein-suedlohn.de\/wp-content\/uploads\/2017\/03\/hochzeitsfloristik539-1030x687-705x470.jpeg\" title=\"hochzeitsfloristik539-1030&#215;687\" alt=\"\" srcset=\"http:\/\/www.heimatverein-suedlohn.de\/wp-content\/uploads\/2017\/03\/hochzeitsfloristik539-1030x687-705x470.jpeg 705w, http:\/\/www.heimatverein-suedlohn.de\/wp-content\/uploads\/2017\/03\/hochzeitsfloristik539-1030x687-300x200.jpeg 300w, http:\/\/www.heimatverein-suedlohn.de\/wp-content\/uploads\/2017\/03\/hochzeitsfloristik539-1030x687-768x512.jpeg 768w, http:\/\/www.heimatverein-suedlohn.de\/wp-content\/uploads\/2017\/03\/hochzeitsfloristik539-1030x687.jpeg 1030w, http:\/\/www.heimatverein-suedlohn.de\/wp-content\/uploads\/2017\/03\/hochzeitsfloristik539-1030x687-450x300.jpeg 450w\" sizes=\"(max-width: 705px) 100vw, 705px\" \/><\/div><\/div><figcaption class='av-inner-masonry-content site-background'><div class='av-inner-masonry-content-pos'><div class='av-inner-masonry-content-pos-content'><div class='avia-arrow'><\/div><div class='av-masonry-entry-content entry-content'  itemprop=\"text\" >Hochzeitsfloristik f\u00fcr eine gelungene Hochzeitsfeier.<\/div><\/div><\/div><\/figcaption><\/figure><\/a><!--end av-masonry entry--><a href=\"http:\/\/www.heimatverein-suedlohn.de\/wp-content\/uploads\/2017\/03\/kerzenschmuck487.jpeg\" data-srcset=\"http:\/\/www.heimatverein-suedlohn.de\/wp-content\/uploads\/2017\/03\/kerzenschmuck487.jpeg 629w, http:\/\/www.heimatverein-suedlohn.de\/wp-content\/uploads\/2017\/03\/kerzenschmuck487-270x300.jpeg 270w, http:\/\/www.heimatverein-suedlohn.de\/wp-content\/uploads\/2017\/03\/kerzenschmuck487-450x501.jpeg 450w\" data-sizes=\"(max-width: 629px) 100vw, 629px\"  aria-label=\"Bild kerzenschmuck487\"  id='av-masonry-1-item-2723' data-av-masonry-item='2723' class='av-masonry-entry isotope-item post-2723 attachment type-attachment status-inherit hentry  av-masonry-item-with-image' title=\"kerzenschmuck487\" alt=\"\"    itemprop=\"thumbnailUrl\" ><div class='av-inner-masonry-sizer'><\/div><figure class='av-inner-masonry main_color'><div class=\"av-masonry-outerimage-container\"><div class='av-masonry-image-container'   ><img decoding=\"async\" width=\"629\" height=\"700\" class=\"wp-image-2723 avia-img-lazy-loading-not-2723\"  src=\"http:\/\/www.heimatverein-suedlohn.de\/wp-content\/uploads\/2017\/03\/kerzenschmuck487.jpeg\" title=\"kerzenschmuck487\" alt=\"\" srcset=\"http:\/\/www.heimatverein-suedlohn.de\/wp-content\/uploads\/2017\/03\/kerzenschmuck487.jpeg 629w, http:\/\/www.heimatverein-suedlohn.de\/wp-content\/uploads\/2017\/03\/kerzenschmuck487-270x300.jpeg 270w, http:\/\/www.heimatverein-suedlohn.de\/wp-content\/uploads\/2017\/03\/kerzenschmuck487-450x501.jpeg 450w\" sizes=\"(max-width: 629px) 100vw, 629px\" \/><\/div><\/div><figcaption class='av-inner-masonry-content site-background'><div class='av-inner-masonry-content-pos'><div class='av-inner-masonry-content-pos-content'><div class='avia-arrow'><\/div><div class='av-masonry-entry-content entry-content'  itemprop=\"text\" >Hochzeitsfloristik f\u00fcr eine gelungene Hochzeitsfeier.<\/div><\/div><\/div><\/figcaption><\/figure><\/a><!--end av-masonry entry--><a href=\"http:\/\/www.heimatverein-suedlohn.de\/wp-content\/uploads\/2017\/03\/edeka_suedlohn184.jpeg\" data-srcset=\"http:\/\/www.heimatverein-suedlohn.de\/wp-content\/uploads\/2017\/03\/edeka_suedlohn184.jpeg 394w, http:\/\/www.heimatverein-suedlohn.de\/wp-content\/uploads\/2017\/03\/edeka_suedlohn184-169x300.jpeg 169w\" data-sizes=\"(max-width: 394px) 100vw, 394px\"  aria-label=\"Bild edeka_suedlohn184\"  id='av-masonry-1-item-2717' data-av-masonry-item='2717' class='av-masonry-entry isotope-item post-2717 attachment type-attachment status-inherit hentry  av-masonry-item-with-image' title=\"edeka_suedlohn184\" alt=\"\"    itemprop=\"thumbnailUrl\" ><div class='av-inner-masonry-sizer'><\/div><figure class='av-inner-masonry main_color'><div class=\"av-masonry-outerimage-container\"><div class='av-masonry-image-container'   ><img decoding=\"async\" width=\"394\" height=\"700\" class=\"wp-image-2717 avia-img-lazy-loading-not-2717\"  src=\"http:\/\/www.heimatverein-suedlohn.de\/wp-content\/uploads\/2017\/03\/edeka_suedlohn184.jpeg\" title=\"edeka_suedlohn184\" alt=\"\" srcset=\"http:\/\/www.heimatverein-suedlohn.de\/wp-content\/uploads\/2017\/03\/edeka_suedlohn184.jpeg 394w, http:\/\/www.heimatverein-suedlohn.de\/wp-content\/uploads\/2017\/03\/edeka_suedlohn184-169x300.jpeg 169w\" sizes=\"(max-width: 394px) 100vw, 394px\" \/><\/div><\/div><figcaption class='av-inner-masonry-content site-background'><div class='av-inner-masonry-content-pos'><div class='av-inner-masonry-content-pos-content'><div class='avia-arrow'><\/div><div class='av-masonry-entry-content entry-content'  itemprop=\"text\" >Verkaufsfl\u00e4che im Edeka-Markt.<\/div><\/div><\/div><\/figcaption><\/figure><\/a><!--end av-masonry entry--><a href=\"http:\/\/www.heimatverein-suedlohn.de\/wp-content\/uploads\/2017\/03\/brautstrauss465.jpeg\" data-srcset=\"http:\/\/www.heimatverein-suedlohn.de\/wp-content\/uploads\/2017\/03\/brautstrauss465.jpeg 839w, http:\/\/www.heimatverein-suedlohn.de\/wp-content\/uploads\/2017\/03\/brautstrauss465-300x250.jpeg 300w, http:\/\/www.heimatverein-suedlohn.de\/wp-content\/uploads\/2017\/03\/brautstrauss465-768x641.jpeg 768w, http:\/\/www.heimatverein-suedlohn.de\/wp-content\/uploads\/2017\/03\/brautstrauss465-705x588.jpeg 705w, http:\/\/www.heimatverein-suedlohn.de\/wp-content\/uploads\/2017\/03\/brautstrauss465-450x375.jpeg 450w\" data-sizes=\"(max-width: 839px) 100vw, 839px\"  aria-label=\"Bild brautstrauss465\"  id='av-masonry-1-item-2716' data-av-masonry-item='2716' class='av-masonry-entry isotope-item post-2716 attachment type-attachment status-inherit hentry  av-masonry-item-with-image' title=\"brautstrauss465\" alt=\"\"    itemprop=\"thumbnailUrl\" ><div class='av-inner-masonry-sizer'><\/div><figure class='av-inner-masonry main_color'><div class=\"av-masonry-outerimage-container\"><div class='av-masonry-image-container'   ><img decoding=\"async\" width=\"705\" height=\"588\" class=\"wp-image-2716 avia-img-lazy-loading-not-2716\"  src=\"http:\/\/www.heimatverein-suedlohn.de\/wp-content\/uploads\/2017\/03\/brautstrauss465-705x588.jpeg\" title=\"brautstrauss465\" alt=\"\" srcset=\"http:\/\/www.heimatverein-suedlohn.de\/wp-content\/uploads\/2017\/03\/brautstrauss465-705x588.jpeg 705w, http:\/\/www.heimatverein-suedlohn.de\/wp-content\/uploads\/2017\/03\/brautstrauss465-300x250.jpeg 300w, http:\/\/www.heimatverein-suedlohn.de\/wp-content\/uploads\/2017\/03\/brautstrauss465-768x641.jpeg 768w, http:\/\/www.heimatverein-suedlohn.de\/wp-content\/uploads\/2017\/03\/brautstrauss465-450x375.jpeg 450w, http:\/\/www.heimatverein-suedlohn.de\/wp-content\/uploads\/2017\/03\/brautstrauss465.jpeg 839w\" sizes=\"(max-width: 705px) 100vw, 705px\" \/><\/div><\/div><figcaption class='av-inner-masonry-content site-background'><div class='av-inner-masonry-content-pos'><div class='av-inner-masonry-content-pos-content'><div class='avia-arrow'><\/div><div class='av-masonry-entry-content entry-content'  itemprop=\"text\" >Hochzeitsfloristik f\u00fcr eine gelungene Hochzeitsfeier.<\/div><\/div><\/div><\/figcaption><\/figure><\/a><!--end av-masonry entry--><a href=\"http:\/\/www.heimatverein-suedlohn.de\/wp-content\/uploads\/2017\/03\/autoschmuck525.jpeg\" data-srcset=\"http:\/\/www.heimatverein-suedlohn.de\/wp-content\/uploads\/2017\/03\/autoschmuck525.jpeg 727w, http:\/\/www.heimatverein-suedlohn.de\/wp-content\/uploads\/2017\/03\/autoschmuck525-300x289.jpeg 300w, http:\/\/www.heimatverein-suedlohn.de\/wp-content\/uploads\/2017\/03\/autoschmuck525-36x36.jpeg 36w, http:\/\/www.heimatverein-suedlohn.de\/wp-content\/uploads\/2017\/03\/autoschmuck525-705x679.jpeg 705w, http:\/\/www.heimatverein-suedlohn.de\/wp-content\/uploads\/2017\/03\/autoschmuck525-450x433.jpeg 450w\" data-sizes=\"(max-width: 727px) 100vw, 727px\"  aria-label=\"Bild autoschmuck525\"  id='av-masonry-1-item-2712' data-av-masonry-item='2712' class='av-masonry-entry isotope-item post-2712 attachment type-attachment status-inherit hentry  av-masonry-item-with-image' title=\"autoschmuck525\" alt=\"\"    itemprop=\"thumbnailUrl\" ><div class='av-inner-masonry-sizer'><\/div><figure class='av-inner-masonry main_color'><div class=\"av-masonry-outerimage-container\"><div class='av-masonry-image-container'   ><img decoding=\"async\" width=\"705\" height=\"679\" class=\"wp-image-2712 avia-img-lazy-loading-not-2712\"  src=\"http:\/\/www.heimatverein-suedlohn.de\/wp-content\/uploads\/2017\/03\/autoschmuck525-705x679.jpeg\" title=\"autoschmuck525\" alt=\"\" srcset=\"http:\/\/www.heimatverein-suedlohn.de\/wp-content\/uploads\/2017\/03\/autoschmuck525-705x679.jpeg 705w, http:\/\/www.heimatverein-suedlohn.de\/wp-content\/uploads\/2017\/03\/autoschmuck525-300x289.jpeg 300w, http:\/\/www.heimatverein-suedlohn.de\/wp-content\/uploads\/2017\/03\/autoschmuck525-36x36.jpeg 36w, http:\/\/www.heimatverein-suedlohn.de\/wp-content\/uploads\/2017\/03\/autoschmuck525-450x433.jpeg 450w, http:\/\/www.heimatverein-suedlohn.de\/wp-content\/uploads\/2017\/03\/autoschmuck525.jpeg 727w\" sizes=\"(max-width: 705px) 100vw, 705px\" \/><\/div><\/div><figcaption class='av-inner-masonry-content site-background'><div class='av-inner-masonry-content-pos'><div class='av-inner-masonry-content-pos-content'><div class='avia-arrow'><\/div><div class='av-masonry-entry-content entry-content'  itemprop=\"text\" >Hochzeitsfloristik f\u00fcr eine gelungene Hochzeitsfeier.<\/div><\/div><\/div><\/figcaption><\/figure><\/a><!--end av-masonry entry--><a href=\"http:\/\/www.heimatverein-suedlohn.de\/wp-content\/uploads\/2017\/03\/urnenkranz353.jpeg\" data-srcset=\"http:\/\/www.heimatverein-suedlohn.de\/wp-content\/uploads\/2017\/03\/urnenkranz353.jpeg 394w, http:\/\/www.heimatverein-suedlohn.de\/wp-content\/uploads\/2017\/03\/urnenkranz353-169x300.jpeg 169w\" data-sizes=\"(max-width: 394px) 100vw, 394px\"  aria-label=\"Bild urnenkranz353\"  id='av-masonry-1-item-2731' data-av-masonry-item='2731' class='av-masonry-entry isotope-item post-2731 attachment type-attachment status-inherit hentry  av-masonry-item-with-image' title=\"urnenkranz353\" alt=\"\"    itemprop=\"thumbnailUrl\" ><div class='av-inner-masonry-sizer'><\/div><figure class='av-inner-masonry main_color'><div class=\"av-masonry-outerimage-container\"><div class='av-masonry-image-container'   ><img decoding=\"async\" width=\"394\" height=\"700\" class=\"wp-image-2731 avia-img-lazy-loading-not-2731\"  src=\"http:\/\/www.heimatverein-suedlohn.de\/wp-content\/uploads\/2017\/03\/urnenkranz353.jpeg\" title=\"urnenkranz353\" alt=\"\" srcset=\"http:\/\/www.heimatverein-suedlohn.de\/wp-content\/uploads\/2017\/03\/urnenkranz353.jpeg 394w, http:\/\/www.heimatverein-suedlohn.de\/wp-content\/uploads\/2017\/03\/urnenkranz353-169x300.jpeg 169w\" sizes=\"(max-width: 394px) 100vw, 394px\" \/><\/div><\/div><figcaption class='av-inner-masonry-content site-background'><div class='av-inner-masonry-content-pos'><div class='av-inner-masonry-content-pos-content'><div class='avia-arrow'><\/div><div class='av-masonry-entry-content entry-content'  itemprop=\"text\" >Trauerschmuck f\u00fcr eine w\u00fcrdige Verabschiedung.<\/div><\/div><\/div><\/figcaption><\/figure><\/a><!--end av-masonry entry--><a href=\"http:\/\/www.heimatverein-suedlohn.de\/wp-content\/uploads\/2017\/03\/trauerkranz284.jpeg\" data-srcset=\"http:\/\/www.heimatverein-suedlohn.de\/wp-content\/uploads\/2017\/03\/trauerkranz284.jpeg 784w, http:\/\/www.heimatverein-suedlohn.de\/wp-content\/uploads\/2017\/03\/trauerkranz284-300x268.jpeg 300w, http:\/\/www.heimatverein-suedlohn.de\/wp-content\/uploads\/2017\/03\/trauerkranz284-768x686.jpeg 768w, http:\/\/www.heimatverein-suedlohn.de\/wp-content\/uploads\/2017\/03\/trauerkranz284-705x629.jpeg 705w, http:\/\/www.heimatverein-suedlohn.de\/wp-content\/uploads\/2017\/03\/trauerkranz284-450x402.jpeg 450w\" data-sizes=\"(max-width: 784px) 100vw, 784px\"  aria-label=\"Bild trauerkranz284\"  id='av-masonry-1-item-2730' data-av-masonry-item='2730' class='av-masonry-entry isotope-item post-2730 attachment type-attachment status-inherit hentry  av-masonry-item-with-image' title=\"trauerkranz284\" alt=\"\"    itemprop=\"thumbnailUrl\" ><div class='av-inner-masonry-sizer'><\/div><figure class='av-inner-masonry main_color'><div class=\"av-masonry-outerimage-container\"><div class='av-masonry-image-container'   ><img decoding=\"async\" width=\"705\" height=\"629\" class=\"wp-image-2730 avia-img-lazy-loading-not-2730\"  src=\"http:\/\/www.heimatverein-suedlohn.de\/wp-content\/uploads\/2017\/03\/trauerkranz284-705x629.jpeg\" title=\"trauerkranz284\" alt=\"\" srcset=\"http:\/\/www.heimatverein-suedlohn.de\/wp-content\/uploads\/2017\/03\/trauerkranz284-705x629.jpeg 705w, http:\/\/www.heimatverein-suedlohn.de\/wp-content\/uploads\/2017\/03\/trauerkranz284-300x268.jpeg 300w, http:\/\/www.heimatverein-suedlohn.de\/wp-content\/uploads\/2017\/03\/trauerkranz284-768x686.jpeg 768w, http:\/\/www.heimatverein-suedlohn.de\/wp-content\/uploads\/2017\/03\/trauerkranz284-450x402.jpeg 450w, http:\/\/www.heimatverein-suedlohn.de\/wp-content\/uploads\/2017\/03\/trauerkranz284.jpeg 784w\" sizes=\"(max-width: 705px) 100vw, 705px\" \/><\/div><\/div><figcaption class='av-inner-masonry-content site-background'><div class='av-inner-masonry-content-pos'><div class='av-inner-masonry-content-pos-content'><div class='avia-arrow'><\/div><div class='av-masonry-entry-content entry-content'  itemprop=\"text\" >Trauerschmuck f\u00fcr eine w\u00fcrdige Verabschiedung.<\/div><\/div><\/div><\/figcaption><\/figure><\/a><!--end av-masonry entry--><a href=\"http:\/\/www.heimatverein-suedlohn.de\/wp-content\/uploads\/2017\/03\/sargschmuck324.jpeg\" data-srcset=\"http:\/\/www.heimatverein-suedlohn.de\/wp-content\/uploads\/2017\/03\/sargschmuck324.jpeg 394w, http:\/\/www.heimatverein-suedlohn.de\/wp-content\/uploads\/2017\/03\/sargschmuck324-169x300.jpeg 169w\" data-sizes=\"(max-width: 394px) 100vw, 394px\"  aria-label=\"Bild sargschmuck324\"  id='av-masonry-1-item-2727' data-av-masonry-item='2727' class='av-masonry-entry isotope-item post-2727 attachment type-attachment status-inherit hentry  av-masonry-item-with-image' title=\"sargschmuck324\" alt=\"\"    itemprop=\"thumbnailUrl\" ><div class='av-inner-masonry-sizer'><\/div><figure class='av-inner-masonry main_color'><div class=\"av-masonry-outerimage-container\"><div class='av-masonry-image-container'   ><img decoding=\"async\" width=\"394\" height=\"700\" class=\"wp-image-2727 avia-img-lazy-loading-not-2727\"  src=\"http:\/\/www.heimatverein-suedlohn.de\/wp-content\/uploads\/2017\/03\/sargschmuck324.jpeg\" title=\"sargschmuck324\" alt=\"\" srcset=\"http:\/\/www.heimatverein-suedlohn.de\/wp-content\/uploads\/2017\/03\/sargschmuck324.jpeg 394w, http:\/\/www.heimatverein-suedlohn.de\/wp-content\/uploads\/2017\/03\/sargschmuck324-169x300.jpeg 169w\" sizes=\"(max-width: 394px) 100vw, 394px\" \/><\/div><\/div><figcaption class='av-inner-masonry-content site-background'><div class='av-inner-masonry-content-pos'><div class='av-inner-masonry-content-pos-content'><div class='avia-arrow'><\/div><div class='av-masonry-entry-content entry-content'  itemprop=\"text\" >Trauerschmuck f\u00fcr eine w\u00fcrdige Verabschiedung.<\/div><\/div><\/div><\/figcaption><\/figure><\/a><!--end av-masonry entry--><a href=\"http:\/\/www.heimatverein-suedlohn.de\/wp-content\/uploads\/2017\/03\/pflanzkranz314.jpeg\" data-srcset=\"http:\/\/www.heimatverein-suedlohn.de\/wp-content\/uploads\/2017\/03\/pflanzkranz314.jpeg 725w, http:\/\/www.heimatverein-suedlohn.de\/wp-content\/uploads\/2017\/03\/pflanzkranz314-300x290.jpeg 300w, http:\/\/www.heimatverein-suedlohn.de\/wp-content\/uploads\/2017\/03\/pflanzkranz314-36x36.jpeg 36w, http:\/\/www.heimatverein-suedlohn.de\/wp-content\/uploads\/2017\/03\/pflanzkranz314-705x681.jpeg 705w, http:\/\/www.heimatverein-suedlohn.de\/wp-content\/uploads\/2017\/03\/pflanzkranz314-450x434.jpeg 450w\" data-sizes=\"(max-width: 725px) 100vw, 725px\"  aria-label=\"Bild pflanzkranz314\"  id='av-masonry-1-item-2726' data-av-masonry-item='2726' class='av-masonry-entry isotope-item post-2726 attachment type-attachment status-inherit hentry  av-masonry-item-with-image' title=\"pflanzkranz314\" alt=\"\"    itemprop=\"thumbnailUrl\" ><div class='av-inner-masonry-sizer'><\/div><figure class='av-inner-masonry main_color'><div class=\"av-masonry-outerimage-container\"><div class='av-masonry-image-container'   ><img decoding=\"async\" width=\"705\" height=\"681\" class=\"wp-image-2726 avia-img-lazy-loading-not-2726\"  src=\"http:\/\/www.heimatverein-suedlohn.de\/wp-content\/uploads\/2017\/03\/pflanzkranz314-705x681.jpeg\" title=\"pflanzkranz314\" alt=\"\" srcset=\"http:\/\/www.heimatverein-suedlohn.de\/wp-content\/uploads\/2017\/03\/pflanzkranz314-705x681.jpeg 705w, http:\/\/www.heimatverein-suedlohn.de\/wp-content\/uploads\/2017\/03\/pflanzkranz314-300x290.jpeg 300w, http:\/\/www.heimatverein-suedlohn.de\/wp-content\/uploads\/2017\/03\/pflanzkranz314-36x36.jpeg 36w, http:\/\/www.heimatverein-suedlohn.de\/wp-content\/uploads\/2017\/03\/pflanzkranz314-450x434.jpeg 450w, http:\/\/www.heimatverein-suedlohn.de\/wp-content\/uploads\/2017\/03\/pflanzkranz314.jpeg 725w\" sizes=\"(max-width: 705px) 100vw, 705px\" \/><\/div><\/div><figcaption class='av-inner-masonry-content site-background'><div class='av-inner-masonry-content-pos'><div class='av-inner-masonry-content-pos-content'><div class='avia-arrow'><\/div><div class='av-masonry-entry-content entry-content'  itemprop=\"text\" >Trauerschmuck f\u00fcr eine w\u00fcrdige Verabschiedung.<\/div><\/div><\/div><\/figcaption><\/figure><\/a><!--end av-masonry entry--><\/div><\/div><\/p><\/div><section  class='av_textblock_section av-av_textblock-2de302bf1aa3cf4c9157dbe6f50ac7eb'  itemscope=\"itemscope\" itemtype=\"https:\/\/schema.org\/BlogPosting\" itemprop=\"blogPost\" ><div class='avia_textblock'  itemprop=\"text\" ><p><strong><span class=\"st\">\u00a9<\/span> 2018 &#8211; heimatverein-suedlohn.de<\/strong><\/p>\n<p>Der Inhalt dieser Seiten unterliegt dem urheberrechtlichen Schutz. Bitte beachten Sie die Hinweise im Vorwort des Verfassers.<\/p>\n<\/div><\/section><\/p>\n","protected":false},"excerpt":{"rendered":"","protected":false},"author":1,"featured_media":2716,"comment_status":"closed","ping_status":"open","sticky":false,"template":"","format":"standard","meta":{"footnotes":""},"categories":[16,26],"tags":[121],"class_list":["post-2709","post","type-post","status-publish","format-standard","has-post-thumbnail","hentry","category-gesamtuebersicht-nach-alphabet","category-handel-handwerk-gewerbe-und-industrie","tag-bluetentraeume-rexing"],"_links":{"self":[{"href":"http:\/\/www.heimatverein-suedlohn.de\/index.php\/wp-json\/wp\/v2\/posts\/2709","targetHints":{"allow":["GET"]}}],"collection":[{"href":"http:\/\/www.heimatverein-suedlohn.de\/index.php\/wp-json\/wp\/v2\/posts"}],"about":[{"href":"http:\/\/www.heimatverein-suedlohn.de\/index.php\/wp-json\/wp\/v2\/types\/post"}],"author":[{"embeddable":true,"href":"http:\/\/www.heimatverein-suedlohn.de\/index.php\/wp-json\/wp\/v2\/users\/1"}],"replies":[{"embeddable":true,"href":"http:\/\/www.heimatverein-suedlohn.de\/index.php\/wp-json\/wp\/v2\/comments?post=2709"}],"version-history":[{"count":7,"href":"http:\/\/www.heimatverein-suedlohn.de\/index.php\/wp-json\/wp\/v2\/posts\/2709\/revisions"}],"predecessor-version":[{"id":3926,"href":"http:\/\/www.heimatverein-suedlohn.de\/index.php\/wp-json\/wp\/v2\/posts\/2709\/revisions\/3926"}],"wp:featuredmedia":[{"embeddable":true,"href":"http:\/\/www.heimatverein-suedlohn.de\/index.php\/wp-json\/wp\/v2\/media\/2716"}],"wp:attachment":[{"href":"http:\/\/www.heimatverein-suedlohn.de\/index.php\/wp-json\/wp\/v2\/media?parent=2709"}],"wp:term":[{"taxonomy":"category","embeddable":true,"href":"http:\/\/www.heimatverein-suedlohn.de\/index.php\/wp-json\/wp\/v2\/categories?post=2709"},{"taxonomy":"post_tag","embeddable":true,"href":"http:\/\/www.heimatverein-suedlohn.de\/index.php\/wp-json\/wp\/v2\/tags?post=2709"}],"curies":[{"name":"wp","href":"https:\/\/api.w.org\/{rel}","templated":true}]}}