{"id":2062,"date":"2016-11-29T09:48:28","date_gmt":"2016-11-29T08:48:28","guid":{"rendered":"http:\/\/www.heimatverein-suedlohn.de\/?p=2062"},"modified":"2018-03-29T11:57:06","modified_gmt":"2018-03-29T09:57:06","slug":"baum-emming","status":"publish","type":"post","link":"http:\/\/www.heimatverein-suedlohn.de\/index.php\/2016\/11\/29\/baum-emming\/","title":{"rendered":"Baum Emming"},"content":{"rendered":"\n<style type=\"text\/css\" data-created_by=\"avia_inline_auto\" id=\"style-css-av-av_one_half-9497bbf8bff73ea4c6992cc17fa9ec36\">\n.flex_column.av-av_one_half-9497bbf8bff73ea4c6992cc17fa9ec36{\n-webkit-border-radius:0px 0px 0px 0px;\n-moz-border-radius:0px 0px 0px 0px;\nborder-radius:0px 0px 0px 0px;\npadding:0px 0px 0px 0px;\n}\n<\/style>\n<div class='flex_column av-av_one_half-9497bbf8bff73ea4c6992cc17fa9ec36 av_one_half  avia-builder-el-0  el_before_av_one_half  avia-builder-el-first  first flex_column_div av-zero-column-padding '     ><section  class='av_textblock_section av-av_textblock-0366cc7376be6c9e82a3e9cc8987b64f'  itemscope=\"itemscope\" itemtype=\"https:\/\/schema.org\/BlogPosting\" itemprop=\"blogPost\" ><div class='avia_textblock'  itemprop=\"text\" ><p><b>Baum Emming<\/b><\/p>\n<p>Alexander Emming<br \/>\nLohner Brook 18 a<br \/>\n46354 S\u00fcdlohn<\/p>\n<p>Telefon: 02862 &#8211; 427618<br \/>\nTelefax: 02862 &#8211; 427620<\/p>\n<p>E-Mail: <a href=\"mailto:info@baum-emming.de\">info@baum-emming.de<\/a><br \/>\nInternet: <a href=\"http:\/\/www.baum-emming.de\">http:\/\/www.baum-emming.de<\/a><\/p>\n<\/div><\/section><\/div>\n\n<style type=\"text\/css\" data-created_by=\"avia_inline_auto\" id=\"style-css-av-av_one_half-9c1d454dc06f7247226bc4e8f931daae\">\n.flex_column.av-av_one_half-9c1d454dc06f7247226bc4e8f931daae{\n-webkit-border-radius:0px 0px 0px 0px;\n-moz-border-radius:0px 0px 0px 0px;\nborder-radius:0px 0px 0px 0px;\npadding:0px 0px 0px 0px;\n}\n<\/style>\n<div class='flex_column av-av_one_half-9c1d454dc06f7247226bc4e8f931daae av_one_half  avia-builder-el-2  el_after_av_one_half  el_before_av_one_full  flex_column_div av-zero-column-padding '     ><style type=\"text\/css\" data-created_by=\"avia_inline_auto\" id=\"style-css-av-av_image-fc3ea0e7cee7a14d5f629b634ce09c9c\">\n.avia-image-container.av-av_image-fc3ea0e7cee7a14d5f629b634ce09c9c img.avia_image{\nbox-shadow:none;\n}\n.avia-image-container.av-av_image-fc3ea0e7cee7a14d5f629b634ce09c9c .av-image-caption-overlay-center{\ncolor:#ffffff;\n}\n<\/style>\n<div  class='avia-image-container av-av_image-fc3ea0e7cee7a14d5f629b634ce09c9c av-styling- avia-align-center  avia-builder-el-3  avia-builder-el-no-sibling '   itemprop=\"image\" itemscope=\"itemscope\" itemtype=\"https:\/\/schema.org\/ImageObject\" ><div class=\"avia-image-container-inner\"><div class=\"avia-image-overlay-wrap\"><img decoding=\"async\" class='wp-image-2077 avia-img-lazy-loading-not-2077 avia_image ' src=\"http:\/\/www.heimatverein-suedlohn.de\/wp-content\/uploads\/2016\/11\/Logo_1-1-222x300.jpg\" alt='' title='logo_1'  height=\"300\" width=\"222\"  itemprop=\"thumbnailUrl\" srcset=\"http:\/\/www.heimatverein-suedlohn.de\/wp-content\/uploads\/2016\/11\/Logo_1-1-222x300.jpg 222w, http:\/\/www.heimatverein-suedlohn.de\/wp-content\/uploads\/2016\/11\/Logo_1-1-768x1038.jpg 768w, http:\/\/www.heimatverein-suedlohn.de\/wp-content\/uploads\/2016\/11\/Logo_1-1-762x1030.jpg 762w, http:\/\/www.heimatverein-suedlohn.de\/wp-content\/uploads\/2016\/11\/Logo_1-1-522x705.jpg 522w, http:\/\/www.heimatverein-suedlohn.de\/wp-content\/uploads\/2016\/11\/Logo_1-1-450x608.jpg 450w, http:\/\/www.heimatverein-suedlohn.de\/wp-content\/uploads\/2016\/11\/Logo_1-1.jpg 1000w\" sizes=\"(max-width: 222px) 100vw, 222px\" \/><\/div><\/div><\/div><\/div>\n\n<style type=\"text\/css\" data-created_by=\"avia_inline_auto\" id=\"style-css-av-av_one_full-9497bbf8bff73ea4c6992cc17fa9ec36\">\n.flex_column.av-av_one_full-9497bbf8bff73ea4c6992cc17fa9ec36{\n-webkit-border-radius:0px 0px 0px 0px;\n-moz-border-radius:0px 0px 0px 0px;\nborder-radius:0px 0px 0px 0px;\npadding:0px 0px 0px 0px;\n}\n<\/style>\n<div class='flex_column av-av_one_full-9497bbf8bff73ea4c6992cc17fa9ec36 av_one_full  avia-builder-el-4  el_after_av_one_half  el_before_av_textblock  first flex_column_div av-zero-column-padding column-top-margin'     ><section  class='av_textblock_section av-av_textblock-2de302bf1aa3cf4c9157dbe6f50ac7eb'  itemscope=\"itemscope\" itemtype=\"https:\/\/schema.org\/BlogPosting\" itemprop=\"blogPost\" ><div class='avia_textblock'  itemprop=\"text\" ><h2><b>Dienstleistungen f\u00fcr B\u00e4ume als Sachverst\u00e4ndiger und Gutachter<\/b><\/h2>\n<div id=\"attachment_2078\" style=\"width: 235px\" class=\"wp-caption alignleft\"><a href=\"http:\/\/www.heimatverein-suedlohn.de\/wp-content\/uploads\/2016\/11\/emming-1.jpg\"><img loading=\"lazy\" decoding=\"async\" aria-describedby=\"caption-attachment-2078\" class=\"size-medium wp-image-2078\" src=\"http:\/\/www.heimatverein-suedlohn.de\/wp-content\/uploads\/2016\/11\/emming-1-225x300.jpg\" alt=\"Alexander Emming, Baumsachverst\u00e4ndiger und Gutachter\" width=\"225\" height=\"300\" srcset=\"http:\/\/www.heimatverein-suedlohn.de\/wp-content\/uploads\/2016\/11\/emming-1-225x300.jpg 225w, http:\/\/www.heimatverein-suedlohn.de\/wp-content\/uploads\/2016\/11\/emming-1-768x1024.jpg 768w, http:\/\/www.heimatverein-suedlohn.de\/wp-content\/uploads\/2016\/11\/emming-1-773x1030.jpg 773w, http:\/\/www.heimatverein-suedlohn.de\/wp-content\/uploads\/2016\/11\/emming-1-529x705.jpg 529w, http:\/\/www.heimatverein-suedlohn.de\/wp-content\/uploads\/2016\/11\/emming-1-450x600.jpg 450w, http:\/\/www.heimatverein-suedlohn.de\/wp-content\/uploads\/2016\/11\/emming-1.jpg 1000w\" sizes=\"auto, (max-width: 225px) 100vw, 225px\" \/><\/a><p id=\"caption-attachment-2078\" class=\"wp-caption-text\">Alexander Emming, Baumsachverst\u00e4ndiger und Gutachter<\/p><\/div>\n<p>Es gibt Menschen, denen eine besondere Liebe f\u00fcr Natur um Umwelt nachgesagt wird. Dazu geh\u00f6rt Alexander Emming. Nach dem Abitur und seiner Ausbildung als G\u00e4rtner der Fachrichtung Baumschule studierte er an der HAWK in G\u00f6ttingen und belegte den Bachelorstudiengang Arboristik, der sich mit dem Schutz und der Pflege urbanen (st\u00e4dtischen) Gr\u00fcns mit dem Schwerpunkt auf Geh\u00f6lzen und B\u00e4umen befasst. Mit dem Abschluss in der Tasche erweiterte er seine Erfahrungen in einer Anstellung in einem Sachverst\u00e4ndigenb\u00fcro f\u00fcr B\u00e4ume in Krefeld, bevor er sich 2014 selbstst\u00e4ndig machte als Sachverst\u00e4ndiger f\u00fcr B\u00e4ume und Gartenpflege.<\/p>\n<p>Das professionelle Unternehmen Baum-Emming bedient die komplette Dienstleistungsnachfrage rund um den Baum. Dazu geh\u00f6rt die Beratung zur Baumpflanzung und die Erstellung von Baumkatastern. Baumpflegekonzepte sowie gutachterliche T\u00e4tigkeit runden das Dienstleistungspaket ab. Auch die Sach- und fachgerechte Baumpflege und die F\u00e4llung von B\u00e4umen geh\u00f6ren zum Arbeitsbereich des Unternehmens. Zu den Kunden z\u00e4hlen private Baumbesitzer, Gartenbau- und Baumpflegebetriebe, Kommunen und Gewerbebetriebe.<\/p>\n<p>Als Sachverst\u00e4ndiger und Gutachter wei\u00df Alexander Emming, dass B\u00e4ume wertvolle und lebendige Dinge sind, die es zu sch\u00e4tzen<\/p>\n<div id=\"attachment_2073\" style=\"width: 235px\" class=\"wp-caption alignright\"><a href=\"http:\/\/www.heimatverein-suedlohn.de\/wp-content\/uploads\/2016\/11\/zeder.jpg\"><img loading=\"lazy\" decoding=\"async\" aria-describedby=\"caption-attachment-2073\" class=\"size-medium wp-image-2073\" src=\"http:\/\/www.heimatverein-suedlohn.de\/wp-content\/uploads\/2016\/11\/zeder-225x300.jpg\" alt=\"F\u00e4llung einer Zeder\" width=\"225\" height=\"300\" srcset=\"http:\/\/www.heimatverein-suedlohn.de\/wp-content\/uploads\/2016\/11\/zeder-225x300.jpg 225w, http:\/\/www.heimatverein-suedlohn.de\/wp-content\/uploads\/2016\/11\/zeder-768x1024.jpg 768w, http:\/\/www.heimatverein-suedlohn.de\/wp-content\/uploads\/2016\/11\/zeder-773x1030.jpg 773w, http:\/\/www.heimatverein-suedlohn.de\/wp-content\/uploads\/2016\/11\/zeder-529x705.jpg 529w, http:\/\/www.heimatverein-suedlohn.de\/wp-content\/uploads\/2016\/11\/zeder-450x600.jpg 450w, http:\/\/www.heimatverein-suedlohn.de\/wp-content\/uploads\/2016\/11\/zeder.jpg 1000w\" sizes=\"auto, (max-width: 225px) 100vw, 225px\" \/><\/a><p id=\"caption-attachment-2073\" class=\"wp-caption-text\">F\u00e4llung einer Zeder<\/p><\/div>\n<p>und zu sch\u00fctzen gilt. Es werden fachlich qualifizierte Gutachten zur Beurteilung von B\u00e4umen erstellt. Dabei k\u00f6nnen Fragen bez\u00fcglich der Verkehrssicherheit der B\u00e4ume oder Erhaltungsf\u00e4higkeit von B\u00e4umen beantwortet werden. Untersuchungen zur Stand- und Bruchsicherheit werden durch technische Hilfsmittel unterst\u00fctzt, z.B. Untersuchungen mit einem Schalltomographen oder Zugversuche.<\/p>\n<p>Der Wert von B\u00e4umen wird u.a. mit dem Sachwertverfahren nach der Methode KOCH ermittelt. Das ist oft dann notwendig, wenn B\u00e4ume oder Geh\u00f6lze besch\u00e4digt oder zerst\u00f6rt sind, z.B. bei Verkehrsunf\u00e4llen oder Bauma\u00dfnahmen.<\/p>\n<p>Jeder Baumeigent\u00fcmer ist f\u00fcr seine B\u00e4ume verantwortlich. Das hei\u00dft, er ist auch f\u00fcr Sch\u00e4den, die von seinen B\u00e4umen ausgehen, k\u00f6nnen verantwortlich und kann haftbar gemacht werden. Deshalb macht es Sinn, Baumbest\u00e4nde auf \u00f6ffentlich zug\u00e4nglichen Fl\u00e4chen auf Verkehrssicherheit zu kontrollieren. Die sicherste Methode ist die Erstellung eines Baumkatasters, hieraus lassen sich dann sichernde Ma\u00dfnahmen ableiten.<\/p>\n<p>Oft gilt es Baumbest\u00e4nde dauerhaft und verkehrssicher zu erhalten. Bei diesen Baumbest\u00e4nden handelt es sich um Stra\u00dfenb\u00e4ume, Parks, Friedh\u00f6fe, gr\u00f6\u00dfere Privatg\u00e4rten und auch Firmengel\u00e4nde. Von Baum Emming werden Pflege- und Entwicklungskonzepte f\u00fcr wirtschaftliche Pflege des Baumbestandes erstellt.<\/p>\n<div id=\"attachment_2075\" style=\"width: 310px\" class=\"wp-caption alignleft\"><a href=\"http:\/\/www.heimatverein-suedlohn.de\/wp-content\/uploads\/2016\/11\/Kronenpflege-eines-Ahorn.jpg\"><img loading=\"lazy\" decoding=\"async\" aria-describedby=\"caption-attachment-2075\" class=\"size-medium wp-image-2075\" src=\"http:\/\/www.heimatverein-suedlohn.de\/wp-content\/uploads\/2016\/11\/Kronenpflege-eines-Ahorn-300x169.jpg\" alt=\"Kronenpflege eines Ahorns\" width=\"300\" height=\"169\" srcset=\"http:\/\/www.heimatverein-suedlohn.de\/wp-content\/uploads\/2016\/11\/Kronenpflege-eines-Ahorn-300x169.jpg 300w, http:\/\/www.heimatverein-suedlohn.de\/wp-content\/uploads\/2016\/11\/Kronenpflege-eines-Ahorn-768x432.jpg 768w, http:\/\/www.heimatverein-suedlohn.de\/wp-content\/uploads\/2016\/11\/Kronenpflege-eines-Ahorn-705x397.jpg 705w, http:\/\/www.heimatverein-suedlohn.de\/wp-content\/uploads\/2016\/11\/Kronenpflege-eines-Ahorn-450x253.jpg 450w, http:\/\/www.heimatverein-suedlohn.de\/wp-content\/uploads\/2016\/11\/Kronenpflege-eines-Ahorn.jpg 1000w\" sizes=\"auto, (max-width: 300px) 100vw, 300px\" \/><\/a><p id=\"caption-attachment-2075\" class=\"wp-caption-text\">Kronenpflege eines Ahorns<\/p><\/div>\n<p>Auf Baustellen treffen verschiedene Interessen aufeinander. So wird oft, auch aus Unwissenheit, zu stark in das Umfeld von zu erhaltenden B\u00e4umen eingegriffen. Zum Schutz solcher B\u00e4ume erfolgt durch Baum Emming entsprechende Beratung von Bauherren, Architekten und Baufirmen. Dazu geh\u00f6rt die technische und bauliche Umsetzung unterschiedlicher Normen und Regelwerke zum Schutz von B\u00e4umen bis hin zu entsprechenden Dokumentationen.<\/p>\n<p><b>\u00a9 &#8211; 2016 heimatverein-suedlohn.de<\/b><\/p>\n<\/div><\/section><br \/>\n<div  class='hr av-av_hr-dcd2069817a0e3d34ae04cad8f3443c7 hr-default  avia-builder-el-6  el_after_av_textblock  el_before_av_masonry_gallery  avia-builder-el-last '><span class='hr-inner '><span class=\"hr-inner-style\"><\/span><\/span><\/div><br \/>\n<div id='av-masonry-1' class='av-masonry av-av_masonry_gallery-47bef7b2ca42d9dae991382f5f6c7d8d noHover av-flex-size av-large-gap av-hover-overlay- av-masonry-animation-active av-masonry-col-2 av-caption-always av-caption-style- av-masonry-gallery '><div class=\"av-masonry-container isotope av-js-disabled\"><div class='av-masonry-entry isotope-item av-masonry-item-no-image '><\/div><a href=\"http:\/\/www.heimatverein-suedlohn.de\/wp-content\/uploads\/2016\/11\/Kataster-Bild-1-1030x602.jpg\" data-srcset=\"http:\/\/www.heimatverein-suedlohn.de\/wp-content\/uploads\/2016\/11\/Kataster-Bild-1-1030x602.jpg 1030w, http:\/\/www.heimatverein-suedlohn.de\/wp-content\/uploads\/2016\/11\/Kataster-Bild-1-300x175.jpg 300w, http:\/\/www.heimatverein-suedlohn.de\/wp-content\/uploads\/2016\/11\/Kataster-Bild-1-768x449.jpg 768w, http:\/\/www.heimatverein-suedlohn.de\/wp-content\/uploads\/2016\/11\/Kataster-Bild-1-705x412.jpg 705w, http:\/\/www.heimatverein-suedlohn.de\/wp-content\/uploads\/2016\/11\/Kataster-Bild-1-450x263.jpg 450w, http:\/\/www.heimatverein-suedlohn.de\/wp-content\/uploads\/2016\/11\/Kataster-Bild-1.jpg 1229w\" data-sizes=\"(max-width: 1030px) 100vw, 1030px\"  aria-label=\"Bild kataster-bild\"  id='av-masonry-1-item-2076' data-av-masonry-item='2076' class='av-masonry-entry isotope-item post-2076 attachment type-attachment status-inherit hentry  av-masonry-item-with-image' title=\"kataster-bild\" alt=\"\"    itemprop=\"thumbnailUrl\" ><div class='av-inner-masonry-sizer'><\/div><figure class='av-inner-masonry main_color'><div class=\"av-masonry-outerimage-container\"><div class='av-masonry-image-container'   ><img decoding=\"async\" width=\"705\" height=\"412\" class=\"wp-image-2076 avia-img-lazy-loading-not-2076\"  src=\"http:\/\/www.heimatverein-suedlohn.de\/wp-content\/uploads\/2016\/11\/Kataster-Bild-1-705x412.jpg\" title=\"kataster-bild\" alt=\"\" srcset=\"http:\/\/www.heimatverein-suedlohn.de\/wp-content\/uploads\/2016\/11\/Kataster-Bild-1-705x412.jpg 705w, http:\/\/www.heimatverein-suedlohn.de\/wp-content\/uploads\/2016\/11\/Kataster-Bild-1-300x175.jpg 300w, http:\/\/www.heimatverein-suedlohn.de\/wp-content\/uploads\/2016\/11\/Kataster-Bild-1-768x449.jpg 768w, http:\/\/www.heimatverein-suedlohn.de\/wp-content\/uploads\/2016\/11\/Kataster-Bild-1-1030x602.jpg 1030w, http:\/\/www.heimatverein-suedlohn.de\/wp-content\/uploads\/2016\/11\/Kataster-Bild-1-450x263.jpg 450w, http:\/\/www.heimatverein-suedlohn.de\/wp-content\/uploads\/2016\/11\/Kataster-Bild-1.jpg 1229w\" sizes=\"(max-width: 705px) 100vw, 705px\" \/><\/div><\/div><figcaption class='av-inner-masonry-content site-background'><div class='av-inner-masonry-content-pos'><div class='av-inner-masonry-content-pos-content'><div class='avia-arrow'><\/div><div class='av-masonry-entry-content entry-content'  itemprop=\"text\" >Baumkataster - ein Verzeichnis, in dem alle B\u00e4ume verwaltet werden und eine Kennzeichnung (Nummer) vor Ort erhalten.<\/div><\/div><\/div><\/figcaption><\/figure><\/a><!--end av-masonry entry--><a href=\"http:\/\/www.heimatverein-suedlohn.de\/wp-content\/uploads\/2016\/11\/kastanie-579x1030.jpg\" data-srcset=\"http:\/\/www.heimatverein-suedlohn.de\/wp-content\/uploads\/2016\/11\/kastanie-579x1030.jpg 579w, http:\/\/www.heimatverein-suedlohn.de\/wp-content\/uploads\/2016\/11\/kastanie-169x300.jpg 169w, http:\/\/www.heimatverein-suedlohn.de\/wp-content\/uploads\/2016\/11\/kastanie-768x1366.jpg 768w, http:\/\/www.heimatverein-suedlohn.de\/wp-content\/uploads\/2016\/11\/kastanie-844x1500.jpg 844w, http:\/\/www.heimatverein-suedlohn.de\/wp-content\/uploads\/2016\/11\/kastanie-397x705.jpg 397w, http:\/\/www.heimatverein-suedlohn.de\/wp-content\/uploads\/2016\/11\/kastanie-450x800.jpg 450w, http:\/\/www.heimatverein-suedlohn.de\/wp-content\/uploads\/2016\/11\/kastanie.jpg 1000w\" data-sizes=\"(max-width: 579px) 100vw, 579px\"  aria-label=\"Bild kastanie\"  id='av-masonry-1-item-2074' data-av-masonry-item='2074' class='av-masonry-entry isotope-item post-2074 attachment type-attachment status-inherit hentry  av-masonry-item-with-image' title=\"kastanie\" alt=\"\"    itemprop=\"thumbnailUrl\" ><div class='av-inner-masonry-sizer'><\/div><figure class='av-inner-masonry main_color'><div class=\"av-masonry-outerimage-container\"><div class='av-masonry-image-container'   ><img decoding=\"async\" width=\"397\" height=\"705\" class=\"wp-image-2074 avia-img-lazy-loading-not-2074\"  src=\"http:\/\/www.heimatverein-suedlohn.de\/wp-content\/uploads\/2016\/11\/kastanie-397x705.jpg\" title=\"kastanie\" alt=\"\" srcset=\"http:\/\/www.heimatverein-suedlohn.de\/wp-content\/uploads\/2016\/11\/kastanie-397x705.jpg 397w, http:\/\/www.heimatverein-suedlohn.de\/wp-content\/uploads\/2016\/11\/kastanie-169x300.jpg 169w, http:\/\/www.heimatverein-suedlohn.de\/wp-content\/uploads\/2016\/11\/kastanie-768x1366.jpg 768w, http:\/\/www.heimatverein-suedlohn.de\/wp-content\/uploads\/2016\/11\/kastanie-579x1030.jpg 579w, http:\/\/www.heimatverein-suedlohn.de\/wp-content\/uploads\/2016\/11\/kastanie-844x1500.jpg 844w, http:\/\/www.heimatverein-suedlohn.de\/wp-content\/uploads\/2016\/11\/kastanie-450x800.jpg 450w, http:\/\/www.heimatverein-suedlohn.de\/wp-content\/uploads\/2016\/11\/kastanie.jpg 1000w\" sizes=\"(max-width: 397px) 100vw, 397px\" \/><\/div><\/div><figcaption class='av-inner-masonry-content site-background'><div class='av-inner-masonry-content-pos'><div class='av-inner-masonry-content-pos-content'><div class='avia-arrow'><\/div><div class='av-masonry-entry-content entry-content'  itemprop=\"text\" >Diese Kastanie wurde fachgerecht eingek\u00fcrzt.<\/div><\/div><\/div><\/figcaption><\/figure><\/a><!--end av-masonry entry--><a href=\"http:\/\/www.heimatverein-suedlohn.de\/wp-content\/uploads\/2016\/11\/Schaden-gekappte-Eiche-773x1030.jpg\" data-srcset=\"http:\/\/www.heimatverein-suedlohn.de\/wp-content\/uploads\/2016\/11\/Schaden-gekappte-Eiche-773x1030.jpg 773w, http:\/\/www.heimatverein-suedlohn.de\/wp-content\/uploads\/2016\/11\/Schaden-gekappte-Eiche-225x300.jpg 225w, http:\/\/www.heimatverein-suedlohn.de\/wp-content\/uploads\/2016\/11\/Schaden-gekappte-Eiche-768x1024.jpg 768w, http:\/\/www.heimatverein-suedlohn.de\/wp-content\/uploads\/2016\/11\/Schaden-gekappte-Eiche-529x705.jpg 529w, http:\/\/www.heimatverein-suedlohn.de\/wp-content\/uploads\/2016\/11\/Schaden-gekappte-Eiche-450x600.jpg 450w, http:\/\/www.heimatverein-suedlohn.de\/wp-content\/uploads\/2016\/11\/Schaden-gekappte-Eiche.jpg 1000w\" data-sizes=\"(max-width: 773px) 100vw, 773px\"  aria-label=\"Bild schaden-gekappte-eiche\"  id='av-masonry-1-item-2072' data-av-masonry-item='2072' class='av-masonry-entry isotope-item post-2072 attachment type-attachment status-inherit hentry  av-masonry-item-with-image' title=\"schaden-gekappte-eiche\" alt=\"\"    itemprop=\"thumbnailUrl\" ><div class='av-inner-masonry-sizer'><\/div><figure class='av-inner-masonry main_color'><div class=\"av-masonry-outerimage-container\"><div class='av-masonry-image-container'   ><img decoding=\"async\" width=\"529\" height=\"705\" class=\"wp-image-2072 avia-img-lazy-loading-not-2072\"  src=\"http:\/\/www.heimatverein-suedlohn.de\/wp-content\/uploads\/2016\/11\/Schaden-gekappte-Eiche-529x705.jpg\" title=\"schaden-gekappte-eiche\" alt=\"\" srcset=\"http:\/\/www.heimatverein-suedlohn.de\/wp-content\/uploads\/2016\/11\/Schaden-gekappte-Eiche-529x705.jpg 529w, http:\/\/www.heimatverein-suedlohn.de\/wp-content\/uploads\/2016\/11\/Schaden-gekappte-Eiche-225x300.jpg 225w, http:\/\/www.heimatverein-suedlohn.de\/wp-content\/uploads\/2016\/11\/Schaden-gekappte-Eiche-768x1024.jpg 768w, http:\/\/www.heimatverein-suedlohn.de\/wp-content\/uploads\/2016\/11\/Schaden-gekappte-Eiche-773x1030.jpg 773w, http:\/\/www.heimatverein-suedlohn.de\/wp-content\/uploads\/2016\/11\/Schaden-gekappte-Eiche-450x600.jpg 450w, http:\/\/www.heimatverein-suedlohn.de\/wp-content\/uploads\/2016\/11\/Schaden-gekappte-Eiche.jpg 1000w\" sizes=\"(max-width: 529px) 100vw, 529px\" \/><\/div><\/div><figcaption class='av-inner-masonry-content site-background'><div class='av-inner-masonry-content-pos'><div class='av-inner-masonry-content-pos-content'><div class='avia-arrow'><\/div><div class='av-masonry-entry-content entry-content'  itemprop=\"text\" >Diese Eiche wurde gekappt, das ist keine fachgerechte Ma\u00dfnahme.<\/div><\/div><\/div><\/figcaption><\/figure><\/a><!--end av-masonry entry--><a href=\"http:\/\/www.heimatverein-suedlohn.de\/wp-content\/uploads\/2016\/11\/baumwurzel.jpg\" data-srcset=\"http:\/\/www.heimatverein-suedlohn.de\/wp-content\/uploads\/2016\/11\/baumwurzel.jpg 1000w, http:\/\/www.heimatverein-suedlohn.de\/wp-content\/uploads\/2016\/11\/baumwurzel-300x225.jpg 300w, http:\/\/www.heimatverein-suedlohn.de\/wp-content\/uploads\/2016\/11\/baumwurzel-768x576.jpg 768w, http:\/\/www.heimatverein-suedlohn.de\/wp-content\/uploads\/2016\/11\/baumwurzel-705x529.jpg 705w, http:\/\/www.heimatverein-suedlohn.de\/wp-content\/uploads\/2016\/11\/baumwurzel-450x338.jpg 450w\" data-sizes=\"(max-width: 1000px) 100vw, 1000px\"  aria-label=\"Bild baumwurzel\"  id='av-masonry-1-item-2070' data-av-masonry-item='2070' class='av-masonry-entry isotope-item post-2070 attachment type-attachment status-inherit hentry  av-masonry-item-with-image' title=\"baumwurzel\" alt=\"\"    itemprop=\"thumbnailUrl\" ><div class='av-inner-masonry-sizer'><\/div><figure class='av-inner-masonry main_color'><div class=\"av-masonry-outerimage-container\"><div class='av-masonry-image-container'   ><img decoding=\"async\" width=\"705\" height=\"529\" class=\"wp-image-2070 avia-img-lazy-loading-not-2070\"  src=\"http:\/\/www.heimatverein-suedlohn.de\/wp-content\/uploads\/2016\/11\/baumwurzel-705x529.jpg\" title=\"baumwurzel\" alt=\"\" srcset=\"http:\/\/www.heimatverein-suedlohn.de\/wp-content\/uploads\/2016\/11\/baumwurzel-705x529.jpg 705w, http:\/\/www.heimatverein-suedlohn.de\/wp-content\/uploads\/2016\/11\/baumwurzel-300x225.jpg 300w, http:\/\/www.heimatverein-suedlohn.de\/wp-content\/uploads\/2016\/11\/baumwurzel-768x576.jpg 768w, http:\/\/www.heimatverein-suedlohn.de\/wp-content\/uploads\/2016\/11\/baumwurzel-450x338.jpg 450w, http:\/\/www.heimatverein-suedlohn.de\/wp-content\/uploads\/2016\/11\/baumwurzel.jpg 1000w\" sizes=\"(max-width: 705px) 100vw, 705px\" \/><\/div><\/div><figcaption class='av-inner-masonry-content site-background'><div class='av-inner-masonry-content-pos'><div class='av-inner-masonry-content-pos-content'><div class='avia-arrow'><\/div><div class='av-masonry-entry-content entry-content'  itemprop=\"text\" >Konfliktzone: Baumwurzel - Bebauung.<\/div><\/div><\/div><\/figcaption><\/figure><\/a><!--end av-masonry entry--><a href=\"http:\/\/www.heimatverein-suedlohn.de\/wp-content\/uploads\/2016\/11\/bergahorn.jpg\" data-srcset=\"http:\/\/www.heimatverein-suedlohn.de\/wp-content\/uploads\/2016\/11\/bergahorn.jpg 1000w, http:\/\/www.heimatverein-suedlohn.de\/wp-content\/uploads\/2016\/11\/bergahorn-300x225.jpg 300w, http:\/\/www.heimatverein-suedlohn.de\/wp-content\/uploads\/2016\/11\/bergahorn-768x576.jpg 768w, http:\/\/www.heimatverein-suedlohn.de\/wp-content\/uploads\/2016\/11\/bergahorn-705x529.jpg 705w, http:\/\/www.heimatverein-suedlohn.de\/wp-content\/uploads\/2016\/11\/bergahorn-450x338.jpg 450w\" data-sizes=\"(max-width: 1000px) 100vw, 1000px\"  aria-label=\"Bild bergahorn\"  id='av-masonry-1-item-2069' data-av-masonry-item='2069' class='av-masonry-entry isotope-item post-2069 attachment type-attachment status-inherit hentry  av-masonry-item-with-image' title=\"bergahorn\" alt=\"\"    itemprop=\"thumbnailUrl\" ><div class='av-inner-masonry-sizer'><\/div><figure class='av-inner-masonry main_color'><div class=\"av-masonry-outerimage-container\"><div class='av-masonry-image-container'   ><img decoding=\"async\" width=\"705\" height=\"529\" class=\"wp-image-2069 avia-img-lazy-loading-not-2069\"  src=\"http:\/\/www.heimatverein-suedlohn.de\/wp-content\/uploads\/2016\/11\/bergahorn-705x529.jpg\" title=\"bergahorn\" alt=\"\" srcset=\"http:\/\/www.heimatverein-suedlohn.de\/wp-content\/uploads\/2016\/11\/bergahorn-705x529.jpg 705w, http:\/\/www.heimatverein-suedlohn.de\/wp-content\/uploads\/2016\/11\/bergahorn-300x225.jpg 300w, http:\/\/www.heimatverein-suedlohn.de\/wp-content\/uploads\/2016\/11\/bergahorn-768x576.jpg 768w, http:\/\/www.heimatverein-suedlohn.de\/wp-content\/uploads\/2016\/11\/bergahorn-450x338.jpg 450w, http:\/\/www.heimatverein-suedlohn.de\/wp-content\/uploads\/2016\/11\/bergahorn.jpg 1000w\" sizes=\"(max-width: 705px) 100vw, 705px\" \/><\/div><\/div><figcaption class='av-inner-masonry-content site-background'><div class='av-inner-masonry-content-pos'><div class='av-inner-masonry-content-pos-content'><div class='avia-arrow'><\/div><div class='av-masonry-entry-content entry-content'  itemprop=\"text\" >Der Brandkrustenpilz hat es sich gem\u00fctlich gemacht. Dem Bergahorn jedoch gef\u00e4llt das nicht.<\/div><\/div><\/div><\/figcaption><\/figure><\/a><!--end av-masonry entry--><a href=\"http:\/\/www.heimatverein-suedlohn.de\/wp-content\/uploads\/2016\/11\/platane-1.jpg\" data-srcset=\"http:\/\/www.heimatverein-suedlohn.de\/wp-content\/uploads\/2016\/11\/platane-1.jpg 1000w, http:\/\/www.heimatverein-suedlohn.de\/wp-content\/uploads\/2016\/11\/platane-1-300x225.jpg 300w, http:\/\/www.heimatverein-suedlohn.de\/wp-content\/uploads\/2016\/11\/platane-1-768x576.jpg 768w, http:\/\/www.heimatverein-suedlohn.de\/wp-content\/uploads\/2016\/11\/platane-1-705x529.jpg 705w, http:\/\/www.heimatverein-suedlohn.de\/wp-content\/uploads\/2016\/11\/platane-1-450x338.jpg 450w\" data-sizes=\"(max-width: 1000px) 100vw, 1000px\"  aria-label=\"Bild platane\"  id='av-masonry-1-item-2068' data-av-masonry-item='2068' class='av-masonry-entry isotope-item post-2068 attachment type-attachment status-inherit hentry  av-masonry-item-with-image' title=\"platane\" alt=\"\"    itemprop=\"thumbnailUrl\" ><div class='av-inner-masonry-sizer'><\/div><figure class='av-inner-masonry main_color'><div class=\"av-masonry-outerimage-container\"><div class='av-masonry-image-container'   ><img decoding=\"async\" width=\"705\" height=\"529\" class=\"wp-image-2068 avia-img-lazy-loading-not-2068\"  src=\"http:\/\/www.heimatverein-suedlohn.de\/wp-content\/uploads\/2016\/11\/platane-1-705x529.jpg\" title=\"platane\" alt=\"\" srcset=\"http:\/\/www.heimatverein-suedlohn.de\/wp-content\/uploads\/2016\/11\/platane-1-705x529.jpg 705w, http:\/\/www.heimatverein-suedlohn.de\/wp-content\/uploads\/2016\/11\/platane-1-300x225.jpg 300w, http:\/\/www.heimatverein-suedlohn.de\/wp-content\/uploads\/2016\/11\/platane-1-768x576.jpg 768w, http:\/\/www.heimatverein-suedlohn.de\/wp-content\/uploads\/2016\/11\/platane-1-450x338.jpg 450w, http:\/\/www.heimatverein-suedlohn.de\/wp-content\/uploads\/2016\/11\/platane-1.jpg 1000w\" sizes=\"(max-width: 705px) 100vw, 705px\" \/><\/div><\/div><figcaption class='av-inner-masonry-content site-background'><div class='av-inner-masonry-content-pos'><div class='av-inner-masonry-content-pos-content'><div class='avia-arrow'><\/div><div class='av-masonry-entry-content entry-content'  itemprop=\"text\" >Artenschutz und Baumpflege: Es wird im Einzelfall entschieden, wie mit H\u00f6hlungen umgegangen wird.<\/div><\/div><\/div><\/figcaption><\/figure><\/a><!--end av-masonry entry--><\/div><div class='av-masonry-pagination av-masonry-pagination-pagination'><nav class='pagination'><span class='pagination-meta'>Seite 1 von 0<\/span><\/nav>\n<\/div><\/div><\/p><\/div><section  class='av_textblock_section av-av_textblock-2de302bf1aa3cf4c9157dbe6f50ac7eb'  itemscope=\"itemscope\" itemtype=\"https:\/\/schema.org\/BlogPosting\" itemprop=\"blogPost\" ><div class='avia_textblock'  itemprop=\"text\" ><p><strong><span class=\"st\">\u00a9<\/span> 2018 &#8211; heimatverein-suedlohn.de<\/strong><\/p>\n<p>Der Inhalt dieser Seiten unterliegt dem urheberrechtlichen Schutz. Bitte beachten Sie die Hinweise im Vorwort des Verfassers.<\/p>\n<\/div><\/section><\/p>\n","protected":false},"excerpt":{"rendered":"","protected":false},"author":1,"featured_media":2075,"comment_status":"closed","ping_status":"open","sticky":false,"template":"","format":"standard","meta":{"footnotes":""},"categories":[16,22],"tags":[98],"class_list":["post-2062","post","type-post","status-publish","format-standard","has-post-thumbnail","hentry","category-gesamtuebersicht-nach-alphabet","category-dienstleistungen","tag-baum-emming"],"_links":{"self":[{"href":"http:\/\/www.heimatverein-suedlohn.de\/index.php\/wp-json\/wp\/v2\/posts\/2062","targetHints":{"allow":["GET"]}}],"collection":[{"href":"http:\/\/www.heimatverein-suedlohn.de\/index.php\/wp-json\/wp\/v2\/posts"}],"about":[{"href":"http:\/\/www.heimatverein-suedlohn.de\/index.php\/wp-json\/wp\/v2\/types\/post"}],"author":[{"embeddable":true,"href":"http:\/\/www.heimatverein-suedlohn.de\/index.php\/wp-json\/wp\/v2\/users\/1"}],"replies":[{"embeddable":true,"href":"http:\/\/www.heimatverein-suedlohn.de\/index.php\/wp-json\/wp\/v2\/comments?post=2062"}],"version-history":[{"count":6,"href":"http:\/\/www.heimatverein-suedlohn.de\/index.php\/wp-json\/wp\/v2\/posts\/2062\/revisions"}],"predecessor-version":[{"id":3905,"href":"http:\/\/www.heimatverein-suedlohn.de\/index.php\/wp-json\/wp\/v2\/posts\/2062\/revisions\/3905"}],"wp:featuredmedia":[{"embeddable":true,"href":"http:\/\/www.heimatverein-suedlohn.de\/index.php\/wp-json\/wp\/v2\/media\/2075"}],"wp:attachment":[{"href":"http:\/\/www.heimatverein-suedlohn.de\/index.php\/wp-json\/wp\/v2\/media?parent=2062"}],"wp:term":[{"taxonomy":"category","embeddable":true,"href":"http:\/\/www.heimatverein-suedlohn.de\/index.php\/wp-json\/wp\/v2\/categories?post=2062"},{"taxonomy":"post_tag","embeddable":true,"href":"http:\/\/www.heimatverein-suedlohn.de\/index.php\/wp-json\/wp\/v2\/tags?post=2062"}],"curies":[{"name":"wp","href":"https:\/\/api.w.org\/{rel}","templated":true}]}}