{"id":1898,"date":"2016-11-03T10:14:59","date_gmt":"2016-11-03T09:14:59","guid":{"rendered":"http:\/\/www.heimatverein-suedlohn.de\/?p=1898"},"modified":"2018-03-29T11:53:07","modified_gmt":"2018-03-29T09:53:07","slug":"agri-v-raiffeisen-eg","status":"publish","type":"post","link":"http:\/\/www.heimatverein-suedlohn.de\/index.php\/2016\/11\/03\/agri-v-raiffeisen-eg\/","title":{"rendered":"Agri V Raiffeisen eG"},"content":{"rendered":"\n<style type=\"text\/css\" data-created_by=\"avia_inline_auto\" id=\"style-css-av-av_one_half-9497bbf8bff73ea4c6992cc17fa9ec36\">\n.flex_column.av-av_one_half-9497bbf8bff73ea4c6992cc17fa9ec36{\n-webkit-border-radius:0px 0px 0px 0px;\n-moz-border-radius:0px 0px 0px 0px;\nborder-radius:0px 0px 0px 0px;\npadding:0px 0px 0px 0px;\n}\n<\/style>\n<div class='flex_column av-av_one_half-9497bbf8bff73ea4c6992cc17fa9ec36 av_one_half  avia-builder-el-0  el_before_av_one_half  avia-builder-el-first  first flex_column_div av-zero-column-padding '     ><section  class='av_textblock_section av-av_textblock-0366cc7376be6c9e82a3e9cc8987b64f'  itemscope=\"itemscope\" itemtype=\"https:\/\/schema.org\/BlogPosting\" itemprop=\"blogPost\" ><div class='avia_textblock'  itemprop=\"text\" ><p><b>Agri V Raiffeisen eG<br \/>\n<\/b>Gesch\u00e4ftsstelle S\u00fcdlohn<br \/>\nBahnhofstra\u00dfe 60<br \/>\n46354 S\u00fcdlohn<\/p>\n<p>Telefon: 02862 &#8211; 58 79 15 &#8211; 33 10<br \/>\nTelefax: 02862 &#8211; 58 79 15 &#8211; 33 19<\/p>\n<p>E-Mail: <a href=\"mailto:nicole.meyer@agriv.de\">nicole.meyer@agriv.de<\/a><br \/>\nInternet: <a href=\"http:\/\/www.agriv.de\">www.agriv.de<\/a><\/p>\n<\/div><\/section><\/div>\n\n<style type=\"text\/css\" data-created_by=\"avia_inline_auto\" id=\"style-css-av-av_one_half-9c1d454dc06f7247226bc4e8f931daae\">\n.flex_column.av-av_one_half-9c1d454dc06f7247226bc4e8f931daae{\n-webkit-border-radius:0px 0px 0px 0px;\n-moz-border-radius:0px 0px 0px 0px;\nborder-radius:0px 0px 0px 0px;\npadding:0px 0px 0px 0px;\n}\n<\/style>\n<div class='flex_column av-av_one_half-9c1d454dc06f7247226bc4e8f931daae av_one_half  avia-builder-el-2  el_after_av_one_half  el_before_av_one_full  flex_column_div av-zero-column-padding '     ><style type=\"text\/css\" data-created_by=\"avia_inline_auto\" id=\"style-css-av-av_image-5b3c98621041f114e46711102e9bd671\">\n.avia-image-container.av-av_image-5b3c98621041f114e46711102e9bd671 img.avia_image{\nbox-shadow:none;\n}\n.avia-image-container.av-av_image-5b3c98621041f114e46711102e9bd671 .av-image-caption-overlay-center{\ncolor:#ffffff;\n}\n<\/style>\n<div  class='avia-image-container av-av_image-5b3c98621041f114e46711102e9bd671 av-styling- avia-align-center  avia-builder-el-3  avia-builder-el-no-sibling '   itemprop=\"image\" itemscope=\"itemscope\" itemtype=\"https:\/\/schema.org\/ImageObject\" ><div class=\"avia-image-container-inner\"><div class=\"avia-image-overlay-wrap\"><img decoding=\"async\" class='wp-image-1908 avia-img-lazy-loading-not-1908 avia_image ' src=\"http:\/\/www.heimatverein-suedlohn.de\/wp-content\/uploads\/2016\/11\/Logo-AgriV_-300x123.jpg\" alt='' title='Logo-AgriV A4 Rand'  height=\"123\" width=\"300\"  itemprop=\"thumbnailUrl\" srcset=\"http:\/\/www.heimatverein-suedlohn.de\/wp-content\/uploads\/2016\/11\/Logo-AgriV_-300x123.jpg 300w, http:\/\/www.heimatverein-suedlohn.de\/wp-content\/uploads\/2016\/11\/Logo-AgriV_-768x314.jpg 768w, http:\/\/www.heimatverein-suedlohn.de\/wp-content\/uploads\/2016\/11\/Logo-AgriV_-1030x421.jpg 1030w, http:\/\/www.heimatverein-suedlohn.de\/wp-content\/uploads\/2016\/11\/Logo-AgriV_-1500x613.jpg 1500w, http:\/\/www.heimatverein-suedlohn.de\/wp-content\/uploads\/2016\/11\/Logo-AgriV_-705x288.jpg 705w, http:\/\/www.heimatverein-suedlohn.de\/wp-content\/uploads\/2016\/11\/Logo-AgriV_-450x184.jpg 450w\" sizes=\"(max-width: 300px) 100vw, 300px\" \/><\/div><\/div><\/div><\/div>\n\n<style type=\"text\/css\" data-created_by=\"avia_inline_auto\" id=\"style-css-av-av_one_full-9497bbf8bff73ea4c6992cc17fa9ec36\">\n.flex_column.av-av_one_full-9497bbf8bff73ea4c6992cc17fa9ec36{\n-webkit-border-radius:0px 0px 0px 0px;\n-moz-border-radius:0px 0px 0px 0px;\nborder-radius:0px 0px 0px 0px;\npadding:0px 0px 0px 0px;\n}\n<\/style>\n<div class='flex_column av-av_one_full-9497bbf8bff73ea4c6992cc17fa9ec36 av_one_full  avia-builder-el-4  el_after_av_one_half  el_before_av_one_full  first flex_column_div av-zero-column-padding column-top-margin'     ><section  class='av_textblock_section av-av_textblock-0366cc7376be6c9e82a3e9cc8987b64f'  itemscope=\"itemscope\" itemtype=\"https:\/\/schema.org\/BlogPosting\" itemprop=\"blogPost\" ><div class='avia_textblock'  itemprop=\"text\" ><h2><b>Der Landwirtschaft seit \u00fcber 100 Jahren verbunden<\/b><\/h2>\n<div id=\"attachment_1913\" style=\"width: 310px\" class=\"wp-caption alignleft\"><a href=\"http:\/\/www.heimatverein-suedlohn.de\/wp-content\/uploads\/2016\/11\/119-Genossenschaft.jpg\"><img loading=\"lazy\" decoding=\"async\" aria-describedby=\"caption-attachment-1913\" class=\"size-medium wp-image-1913\" src=\"http:\/\/www.heimatverein-suedlohn.de\/wp-content\/uploads\/2016\/11\/119-Genossenschaft-300x206.jpg\" alt=\"Im Volksmund hie\u00df es immer: \" width=\"300\" height=\"206\" srcset=\"http:\/\/www.heimatverein-suedlohn.de\/wp-content\/uploads\/2016\/11\/119-Genossenschaft-300x206.jpg 300w, http:\/\/www.heimatverein-suedlohn.de\/wp-content\/uploads\/2016\/11\/119-Genossenschaft-768x526.jpg 768w, http:\/\/www.heimatverein-suedlohn.de\/wp-content\/uploads\/2016\/11\/119-Genossenschaft-1030x706.jpg 1030w, http:\/\/www.heimatverein-suedlohn.de\/wp-content\/uploads\/2016\/11\/119-Genossenschaft-1500x1028.jpg 1500w, http:\/\/www.heimatverein-suedlohn.de\/wp-content\/uploads\/2016\/11\/119-Genossenschaft-705x483.jpg 705w, http:\/\/www.heimatverein-suedlohn.de\/wp-content\/uploads\/2016\/11\/119-Genossenschaft-450x308.jpg 450w\" sizes=\"auto, (max-width: 300px) 100vw, 300px\" \/><\/a><p id=\"caption-attachment-1913\" class=\"wp-caption-text\">Im Volksmund hie\u00df es immer: &#8222;Genossenschaft&#8220; &#8211; hier ein Bild aus den 1950er Jahren. Rechts das Geb\u00e4ude der Genossenschaft, links die Firma Deelmann.<\/p><\/div>\n<p>Denkt man an l\u00e4ndliche Genossenschaften, ist das immer verbunden mit dem Namen Friedrich Wilhelm Raiffeisen (1818 &#8211; 1888). Er war mit Hermann Schulze-Delitzsch (1808 &#8211; 1883) einer der Gr\u00fcnder des deutschen Genossenschaftswesens. 1872 schuf der Sozialreformer Raiffeisen erste Modelle zur Unterst\u00fctzung der Landwirte durch g\u00fcnstigen Einkauf von Produktionsg\u00fctern wie Saatgut und D\u00fcngemittel. Die Idee der Genossenschaft war geboren mit dem Prinzip der Selbsthilfe, Selbstverantwortung und Selbstverwaltung.<\/p>\n<p>Die Genossenschaft als freiwilliger Zusammenschluss der Mitglieder verfolgt das Ziel der F\u00f6rderung gemeinsamer Interessen und des Nutzens der Mitglieder. In der Praxis bedeutet das, dass die Mitglieder ihrer Genossenschaft Kapital zur Verf\u00fcgung stellt und daf\u00fcr an allen wichtigen Entscheidungen beteiligt sind. &#8222;Einer f\u00fcr alle &#8211; alle f\u00fcr einen&#8220; &#8211; an dieser Genossenschaftsidee hat sich bis heute nichts ge\u00e4ndert.<\/p>\n<div id=\"attachment_1907\" style=\"width: 238px\" class=\"wp-caption alignleft\"><a href=\"http:\/\/www.heimatverein-suedlohn.de\/wp-content\/uploads\/2016\/11\/roettger.jpg\"><img loading=\"lazy\" decoding=\"async\" aria-describedby=\"caption-attachment-1907\" class=\"size-medium wp-image-1907\" src=\"http:\/\/www.heimatverein-suedlohn.de\/wp-content\/uploads\/2016\/11\/roettger-228x300.jpg\" alt=\"Ferdinand R\u00f6ttger (1886 - 1981) Gesch\u00e4ftsf\u00fchrer von 1924 bis 1960 ausgezeichnet mit der goldenen Ehrennadel des Raiffeisen-Verbandes\" width=\"228\" height=\"300\" srcset=\"http:\/\/www.heimatverein-suedlohn.de\/wp-content\/uploads\/2016\/11\/roettger-228x300.jpg 228w, http:\/\/www.heimatverein-suedlohn.de\/wp-content\/uploads\/2016\/11\/roettger.jpg 326w\" sizes=\"auto, (max-width: 228px) 100vw, 228px\" \/><\/a><p id=\"caption-attachment-1907\" class=\"wp-caption-text\">Ferdinand R\u00f6ttger (1886 &#8211; 1981)<br \/>Gesch\u00e4ftsf\u00fchrer von 1924 bis 1960<br \/>ausgezeichnet mit der goldenen Ehrennadel des Raiffeisen-Verbandes<\/p><\/div>\n<p>Die heutige Agri V Raiffeisen eG (<b>Agri V = <\/b><u><b>Agr<\/b><\/u>ar <u><b>i<\/b><\/u>m <u><b>V<\/b><\/u>erbund) war zun\u00e4chst die &#8222;B\u00e4uerliche Bezugs- und Absatzgenossenschaft S\u00fcdlohn-Oeding eG&#8220;. Der erste Gesch\u00e4ftsf\u00fchrer der Genossenschaft war von 1924 bis zum Jahre 1960 Ferdinand R\u00f6ttger (1886 &#8211; 1981), der bei seiner Verabschiedung mit der goldenen Ehrennadel des Raiffeisen-Verbandes ausgezeichnet wurde. Zu seinem Nachfolger wurde sein Sohn Heinz R\u00f6ttger (1929 &#8211; 2011) ernannt, der die Genossenschaft bis 1993 f\u00fchrte.<\/p>\n<div id=\"attachment_1906\" style=\"width: 238px\" class=\"wp-caption alignright\"><a href=\"http:\/\/www.heimatverein-suedlohn.de\/wp-content\/uploads\/2016\/11\/roettger_2.jpg\"><img loading=\"lazy\" decoding=\"async\" aria-describedby=\"caption-attachment-1906\" class=\"size-medium wp-image-1906\" src=\"http:\/\/www.heimatverein-suedlohn.de\/wp-content\/uploads\/2016\/11\/roettger_2-228x300.jpg\" alt=\"Heinz R\u00f6ttger (1929 - 2011 Gesch\u00e4ftsf\u00fchrer von 1960 bis 1993\" width=\"228\" height=\"300\" srcset=\"http:\/\/www.heimatverein-suedlohn.de\/wp-content\/uploads\/2016\/11\/roettger_2-228x300.jpg 228w, http:\/\/www.heimatverein-suedlohn.de\/wp-content\/uploads\/2016\/11\/roettger_2.jpg 326w\" sizes=\"auto, (max-width: 228px) 100vw, 228px\" \/><\/a><p id=\"caption-attachment-1906\" class=\"wp-caption-text\">Heinz R\u00f6ttger (1929 &#8211; 2011<br \/>Gesch\u00e4ftsf\u00fchrer von 1960 bis 1993<\/p><\/div>\n<p>Die langj\u00e4hrige Tradition der AgriV Raiffeisen eG begr\u00fcndet sich auf genossenschaftliche Vorg\u00e4ngerunternehmen der Region. Der Strukturentwicklung in der Landwirtschaft folgend, wurden im Laufe der Jahre die Gesch\u00e4ftsstellen-Strukturen und die Einzugsgebiete durch Gesch\u00e4fts\u00fcbertragungen dem Bedarf angepasst. Die Schwerpunkte liegen im Handel mit Mischfutter f\u00fcr Schweine, Rinder, Pferde und Gefl\u00fcgel. Als gr\u00f6\u00dfter Getreideh\u00e4ndler der Region ist die Genossenschaft Ansprechpartner f\u00fcr die Vermarktung von Getreide, \u00d6lsaaten und H\u00fclsenfr\u00fcchten. Produktionsstandorte befinden sich in Burlo, Dingden, Barlo und Dorsten. Mit der Trocknerkapazit\u00e4t des Unternehmens wird das Getreide aus der Region auch in der Region veredelt.<\/p>\n<p>F\u00fcr Saatgut, Pflanzen, D\u00fcnger und Pflanzenschutz ist das Unternehmen Ansprechpartner und Probleml\u00f6ser gleicherma\u00dfen. Auch dem Thema Energie widmet man sich als Lieferant f\u00fcr Heiz\u00f6l, Gas, LandStrom und Holzpellets. Tankstellen findet der Verbraucher in S\u00fcdlohn, Raesfeld, Kirchhellen, Mussum und Burlo.<\/p>\n<div id=\"attachment_1904\" style=\"width: 310px\" class=\"wp-caption alignleft\"><a href=\"http:\/\/www.heimatverein-suedlohn.de\/wp-content\/uploads\/2016\/11\/umbau.jpg\"><img loading=\"lazy\" decoding=\"async\" aria-describedby=\"caption-attachment-1904\" class=\"size-medium wp-image-1904\" src=\"http:\/\/www.heimatverein-suedlohn.de\/wp-content\/uploads\/2016\/11\/umbau-300x200.jpg\" alt=\"Nach dem Umbau 2016 pr\u00e4sentiert sich der Raiffeisenmarkt im neuen Gewand.\" width=\"300\" height=\"200\" srcset=\"http:\/\/www.heimatverein-suedlohn.de\/wp-content\/uploads\/2016\/11\/umbau-300x200.jpg 300w, http:\/\/www.heimatverein-suedlohn.de\/wp-content\/uploads\/2016\/11\/umbau-768x512.jpg 768w, http:\/\/www.heimatverein-suedlohn.de\/wp-content\/uploads\/2016\/11\/umbau-705x470.jpg 705w, http:\/\/www.heimatverein-suedlohn.de\/wp-content\/uploads\/2016\/11\/umbau-450x300.jpg 450w, http:\/\/www.heimatverein-suedlohn.de\/wp-content\/uploads\/2016\/11\/umbau.jpg 1000w\" sizes=\"auto, (max-width: 300px) 100vw, 300px\" \/><\/a><p id=\"caption-attachment-1904\" class=\"wp-caption-text\">Nach dem Umbau 2016 pr\u00e4sentiert sich der Raiffeisenmarkt im neuen Gewand.<\/p><\/div>\n<p>Die 12 Raiffeisenm\u00e4rkte der Genossenschaft decken im Einzelhandelsbereich den Bedarf der l\u00e4ndlich orientierten Bev\u00f6lkerung ab. Die Standorte sind zu finden im westlichen M\u00fcnsterland, dem n\u00f6rdlichen Ruhrgebiet und dem Niederrhein. Der Markt des Standortes S\u00fcdlohn mit der Gesch\u00e4ftsstellenleiterin Nicole Meyer wurde 2016 nach umfangreichen Sanierungs- und Neubauma\u00dfnahmen nach Erkenntnissen moderner einzelhandelsgerechter Vermarktungskonzepte neu er\u00f6ffnet.<\/p>\n<p><b>\u00a9 2016 &#8211; heimatverein-suedlohn.de<\/b><\/p>\n<\/div><\/section><br \/>\n<div  class='hr av-av_hr-dcd2069817a0e3d34ae04cad8f3443c7 hr-default  avia-builder-el-6  el_after_av_textblock  el_before_av_masonry_gallery  avia-builder-el-last '><span class='hr-inner '><span class=\"hr-inner-style\"><\/span><\/span><\/div><br \/>\n<div id='av-masonry-1' class='av-masonry av-av_masonry_gallery-d9c225d1ce6c2a295241f3fe0916ef32 noHover av-flex-size av-large-gap av-hover-overlay- av-masonry-animation-active av-masonry-col-2 av-caption-always av-caption-style- av-masonry-gallery '><div class=\"av-masonry-container isotope av-js-disabled\"><div class='av-masonry-entry isotope-item av-masonry-item-no-image '><\/div><a href=\"http:\/\/www.heimatverein-suedlohn.de\/wp-content\/uploads\/2016\/11\/galerie1-1030x687.jpg\" data-srcset=\"http:\/\/www.heimatverein-suedlohn.de\/wp-content\/uploads\/2016\/11\/galerie1-1030x687.jpg 1030w, http:\/\/www.heimatverein-suedlohn.de\/wp-content\/uploads\/2016\/11\/galerie1-300x200.jpg 300w, http:\/\/www.heimatverein-suedlohn.de\/wp-content\/uploads\/2016\/11\/galerie1-768x512.jpg 768w, http:\/\/www.heimatverein-suedlohn.de\/wp-content\/uploads\/2016\/11\/galerie1-1500x1000.jpg 1500w, http:\/\/www.heimatverein-suedlohn.de\/wp-content\/uploads\/2016\/11\/galerie1-705x470.jpg 705w, http:\/\/www.heimatverein-suedlohn.de\/wp-content\/uploads\/2016\/11\/galerie1-450x300.jpg 450w\" data-sizes=\"(max-width: 1030px) 100vw, 1030px\"  aria-label=\"Bild galerie1\"  id='av-masonry-1-item-1899' data-av-masonry-item='1899' class='av-masonry-entry isotope-item post-1899 attachment type-attachment status-inherit hentry  av-masonry-item-with-image' title=\"galerie1\" alt=\"\"    itemprop=\"thumbnailUrl\" ><div class='av-inner-masonry-sizer'><\/div><figure class='av-inner-masonry main_color'><div class=\"av-masonry-outerimage-container\"><div class='av-masonry-image-container'   ><img decoding=\"async\" width=\"705\" height=\"470\" class=\"wp-image-1899 avia-img-lazy-loading-not-1899\"  src=\"http:\/\/www.heimatverein-suedlohn.de\/wp-content\/uploads\/2016\/11\/galerie1-705x470.jpg\" title=\"galerie1\" alt=\"\" srcset=\"http:\/\/www.heimatverein-suedlohn.de\/wp-content\/uploads\/2016\/11\/galerie1-705x470.jpg 705w, http:\/\/www.heimatverein-suedlohn.de\/wp-content\/uploads\/2016\/11\/galerie1-300x200.jpg 300w, http:\/\/www.heimatverein-suedlohn.de\/wp-content\/uploads\/2016\/11\/galerie1-768x512.jpg 768w, http:\/\/www.heimatverein-suedlohn.de\/wp-content\/uploads\/2016\/11\/galerie1-1030x687.jpg 1030w, http:\/\/www.heimatverein-suedlohn.de\/wp-content\/uploads\/2016\/11\/galerie1-1500x1000.jpg 1500w, http:\/\/www.heimatverein-suedlohn.de\/wp-content\/uploads\/2016\/11\/galerie1-450x300.jpg 450w\" sizes=\"(max-width: 705px) 100vw, 705px\" \/><\/div><\/div><figcaption class='av-inner-masonry-content site-background'><div class='av-inner-masonry-content-pos'><div class='av-inner-masonry-content-pos-content'><div class='avia-arrow'><\/div><div class='av-masonry-entry-content entry-content'  itemprop=\"text\" >Hell und freundlich pr\u00e4sentiert sich der Raiffeisenmarkt nach dem Umbau 2016.<\/div><\/div><\/div><\/figcaption><\/figure><\/a><!--end av-masonry entry--><a href=\"http:\/\/www.heimatverein-suedlohn.de\/wp-content\/uploads\/2016\/11\/galerie2-1-1030x687.jpg\" data-srcset=\"http:\/\/www.heimatverein-suedlohn.de\/wp-content\/uploads\/2016\/11\/galerie2-1-1030x687.jpg 1030w, http:\/\/www.heimatverein-suedlohn.de\/wp-content\/uploads\/2016\/11\/galerie2-1-300x200.jpg 300w, http:\/\/www.heimatverein-suedlohn.de\/wp-content\/uploads\/2016\/11\/galerie2-1-768x512.jpg 768w, http:\/\/www.heimatverein-suedlohn.de\/wp-content\/uploads\/2016\/11\/galerie2-1-1500x1000.jpg 1500w, http:\/\/www.heimatverein-suedlohn.de\/wp-content\/uploads\/2016\/11\/galerie2-1-705x470.jpg 705w, http:\/\/www.heimatverein-suedlohn.de\/wp-content\/uploads\/2016\/11\/galerie2-1-450x300.jpg 450w\" data-sizes=\"(max-width: 1030px) 100vw, 1030px\"  aria-label=\"Bild galerie2\"  id='av-masonry-1-item-1902' data-av-masonry-item='1902' class='av-masonry-entry isotope-item post-1902 attachment type-attachment status-inherit hentry  av-masonry-item-with-image' title=\"galerie2\" alt=\"\"    itemprop=\"thumbnailUrl\" ><div class='av-inner-masonry-sizer'><\/div><figure class='av-inner-masonry main_color'><div class=\"av-masonry-outerimage-container\"><div class='av-masonry-image-container'   ><img decoding=\"async\" width=\"705\" height=\"470\" class=\"wp-image-1902 avia-img-lazy-loading-not-1902\"  src=\"http:\/\/www.heimatverein-suedlohn.de\/wp-content\/uploads\/2016\/11\/galerie2-1-705x470.jpg\" title=\"galerie2\" alt=\"\" srcset=\"http:\/\/www.heimatverein-suedlohn.de\/wp-content\/uploads\/2016\/11\/galerie2-1-705x470.jpg 705w, http:\/\/www.heimatverein-suedlohn.de\/wp-content\/uploads\/2016\/11\/galerie2-1-300x200.jpg 300w, http:\/\/www.heimatverein-suedlohn.de\/wp-content\/uploads\/2016\/11\/galerie2-1-768x512.jpg 768w, http:\/\/www.heimatverein-suedlohn.de\/wp-content\/uploads\/2016\/11\/galerie2-1-1030x687.jpg 1030w, http:\/\/www.heimatverein-suedlohn.de\/wp-content\/uploads\/2016\/11\/galerie2-1-1500x1000.jpg 1500w, http:\/\/www.heimatverein-suedlohn.de\/wp-content\/uploads\/2016\/11\/galerie2-1-450x300.jpg 450w\" sizes=\"(max-width: 705px) 100vw, 705px\" \/><\/div><\/div><figcaption class='av-inner-masonry-content site-background'><div class='av-inner-masonry-content-pos'><div class='av-inner-masonry-content-pos-content'><div class='avia-arrow'><\/div><div class='av-masonry-entry-content entry-content'  itemprop=\"text\" >Ein breites Sortiment ist im Angebot, abgestimmt auf den Bedarf l\u00e4ndlicher Strukturen.<\/div><\/div><\/div><\/figcaption><\/figure><\/a><!--end av-masonry entry--><\/div><\/div><\/p><\/div>\n\n<style type=\"text\/css\" data-created_by=\"avia_inline_auto\" id=\"style-css-av-av_one_full-15d750bd1b332b34c6e70b077ebbccdf\">\n.flex_column.av-av_one_full-15d750bd1b332b34c6e70b077ebbccdf{\n-webkit-border-radius:0px 0px 0px 0px;\n-moz-border-radius:0px 0px 0px 0px;\nborder-radius:0px 0px 0px 0px;\npadding:0px 0px 0px 0px;\n}\n<\/style>\n<div class='flex_column av-av_one_full-15d750bd1b332b34c6e70b077ebbccdf av_one_full  avia-builder-el-8  el_after_av_one_full  el_before_av_textblock  first flex_column_div av-zero-column-padding column-top-margin'     ><section  class='av_textblock_section av-av_textblock-2de302bf1aa3cf4c9157dbe6f50ac7eb'  itemscope=\"itemscope\" itemtype=\"https:\/\/schema.org\/BlogPosting\" itemprop=\"blogPost\" ><div class='avia_textblock'  itemprop=\"text\" ><p><strong><span class=\"st\">\u00a9<\/span> 2018 &#8211; heimatverein-suedlohn.de<\/strong><\/p>\n<p>Der Inhalt dieser Seiten unterliegt dem urheberrechtlichen Schutz. Bitte beachten Sie die Hinweise im Vorwort des Verfassers.<\/p>\n<\/div><\/section><\/div>\n<section  class='av_textblock_section av-av_textblock-2de302bf1aa3cf4c9157dbe6f50ac7eb'  itemscope=\"itemscope\" itemtype=\"https:\/\/schema.org\/BlogPosting\" itemprop=\"blogPost\" ><div class='avia_textblock'  itemprop=\"text\" ><\/div><\/section>\n","protected":false},"excerpt":{"rendered":"","protected":false},"author":1,"featured_media":1901,"comment_status":"closed","ping_status":"open","sticky":false,"template":"","format":"standard","meta":{"footnotes":""},"categories":[16,59,25],"tags":[91],"class_list":["post-1898","post","type-post","status-publish","format-standard","has-post-thumbnail","hentry","category-gesamtuebersicht-nach-alphabet","category-gross-und-einzelhandel","category-landwirtschaft","tag-agri-v-raiffeisen-eg"],"_links":{"self":[{"href":"http:\/\/www.heimatverein-suedlohn.de\/index.php\/wp-json\/wp\/v2\/posts\/1898","targetHints":{"allow":["GET"]}}],"collection":[{"href":"http:\/\/www.heimatverein-suedlohn.de\/index.php\/wp-json\/wp\/v2\/posts"}],"about":[{"href":"http:\/\/www.heimatverein-suedlohn.de\/index.php\/wp-json\/wp\/v2\/types\/post"}],"author":[{"embeddable":true,"href":"http:\/\/www.heimatverein-suedlohn.de\/index.php\/wp-json\/wp\/v2\/users\/1"}],"replies":[{"embeddable":true,"href":"http:\/\/www.heimatverein-suedlohn.de\/index.php\/wp-json\/wp\/v2\/comments?post=1898"}],"version-history":[{"count":9,"href":"http:\/\/www.heimatverein-suedlohn.de\/index.php\/wp-json\/wp\/v2\/posts\/1898\/revisions"}],"predecessor-version":[{"id":7925,"href":"http:\/\/www.heimatverein-suedlohn.de\/index.php\/wp-json\/wp\/v2\/posts\/1898\/revisions\/7925"}],"wp:featuredmedia":[{"embeddable":true,"href":"http:\/\/www.heimatverein-suedlohn.de\/index.php\/wp-json\/wp\/v2\/media\/1901"}],"wp:attachment":[{"href":"http:\/\/www.heimatverein-suedlohn.de\/index.php\/wp-json\/wp\/v2\/media?parent=1898"}],"wp:term":[{"taxonomy":"category","embeddable":true,"href":"http:\/\/www.heimatverein-suedlohn.de\/index.php\/wp-json\/wp\/v2\/categories?post=1898"},{"taxonomy":"post_tag","embeddable":true,"href":"http:\/\/www.heimatverein-suedlohn.de\/index.php\/wp-json\/wp\/v2\/tags?post=1898"}],"curies":[{"name":"wp","href":"https:\/\/api.w.org\/{rel}","templated":true}]}}